{"id":696,"date":"2015-10-21T08:45:39","date_gmt":"2015-10-21T06:45:39","guid":{"rendered":"http:\/\/blog.liesdoch.de\/?p=696"},"modified":"2015-10-21T08:51:27","modified_gmt":"2015-10-21T06:51:27","slug":"696","status":"publish","type":"post","link":"https:\/\/blog.liesdoch.de\/?p=696","title":{"rendered":"Sagt uns die Wahrheit!"},"content":{"rendered":"<p>&nbsp;<\/p>\n<p>&nbsp;<\/p>\n<p><a href=\"http:\/\/blog.liesdoch.de\/wp-content\/uploads\/2015\/10\/42999141z.jpg\"><img loading=\"lazy\" decoding=\"async\" class=\"alignnone size-medium wp-image-697\" src=\"http:\/\/blog.liesdoch.de\/wp-content\/uploads\/2015\/10\/42999141z-196x300.jpg\" alt=\"42999141z\" width=\"196\" height=\"300\" srcset=\"https:\/\/blog.liesdoch.de\/wp-content\/uploads\/2015\/10\/42999141z-196x300.jpg 196w, https:\/\/blog.liesdoch.de\/wp-content\/uploads\/2015\/10\/42999141z.jpg 275w\" sizes=\"auto, (max-width: 196px) 100vw, 196px\" \/><\/a><\/p>\n<p>&nbsp;<\/p>\n<p>Bernd Ulrich, Sagt uns die Wahrheit, Kiepenheuer &amp; Witsch 2015, ISBN 978-3-462-04857-5<\/p>\n<p>&nbsp;<\/p>\n<p>Der Autor dieser kleinen Streitschrift, der stellvertretende Chefredakteur der Wochenzeitung DIE ZEIT Bernd Ulrich, geh\u00f6rt seit den siebziger Jahren zu den profiliertesten journalistischen Begleitern der Bundesrepublik Deutschland. Seit vielen Jahren werden seine Leitartikel und Kommentare, vor allen Dingen zur Innenpolitik, weit \u00fcber die Grenzen des Landes hinaus beachtet und diskutiert. \u00dcber die Parteigrenzen hinweg geh\u00f6rt er in Deutschland bei den Politikern zu den gefragten und gesch\u00e4tzten kritischen Gespr\u00e4chspartnern.<\/p>\n<p>Weil auch Bernd Ulrich deren Arbeit ernst nimmt, sieht er sich mit diesem B\u00fcchlein gezwungen, ihnen kr\u00e4ftig ins Gewissen zu reden. \u201eSagt uns die Wahrheit!\u201c ruft er ihnen zu, und versucht dem interessierten B\u00fcrger zu erkl\u00e4ren \u201ewas die Politiker verschweigen und warum.\u201c<\/p>\n<p>Als Ulrich diese Streitschrift schrieb, war noch nicht ann\u00e4hernd erkennbar, wie dramatisch und verzweifelt sich die Situation der Fl\u00fcchtlinge ver\u00e4ndern w\u00fcrde, die, von anderen europ\u00e4ischen Staaten einfach weiter gewunken, zu Hunderttausenden in unser Land kommen und sich dort eine Zukunft erhoffen, die ihnen unser Land nicht geben k\u00f6nnen wird, jedenfalls nicht in dem Tempo und der Weise, wie sie sich das offenbar erhoffen.<\/p>\n<p>Das permanente Wiederholen des Satzes \u201eWir schaffen das!\u201c, ohne auf die immensen Probleme der Kommunen und Landkreise einzugehen und vor allen Dingen auf die \u00c4ngste der Menschen, ist ein ganz aktuelles Beispiel daf\u00fcr, wie die Politiker den Menschen im Land einfach nicht die Wahrheit sagen. Ulrich macht das in seinem Buch an dem Handling der Griechenlandkrise deutlich und nimmt auch die Rolle der Medien, auch die seiner eigenen Zeitung und seiner eigenen Rolle dabei, kritisch in den Blick.<\/p>\n<p>Seine Hauptthese ist: Deutschlands Politiker haben Angst, dass das Volk, erf\u00fchre es die Wahrheit, in alte, \u00fcberwunden geglaubte Muster zur\u00fcck fallen k\u00f6nnte. (vgl.Pegida u.\u00e4.) . Ulrich sagt hingegen: das Volk ist reif, die Wahrheit zu erfahren und mit ihr auch umzugehen. Die Politik muss ihre Scheu vor einer nicht gew\u00fcnschten Reaktion der B\u00fcrger aufgeben und sie mit ins Boot nehmen. Offenheit und Ehrlichkeit statt alter Beschwichtigungspolitik. Die n\u00e4mlich zerst\u00f6rt die Aussicht auf bessere L\u00f6sungen.<\/p>\n<p>Ein engagiertes und auch selbstkritisches Pl\u00e4doyer f\u00fcr eine neue politische Kultur der Aufrichtigkeit. Ein Aufruf zu einem neuen Dialog zwischen B\u00fcrgern und Politik.<\/p>\n","protected":false},"excerpt":{"rendered":"<p>&nbsp; &nbsp; &nbsp; Bernd Ulrich, Sagt uns die Wahrheit, Kiepenheuer &amp; Witsch 2015, ISBN 978-3-462-04857-5 &nbsp; Der Autor dieser kleinen Streitschrift, der stellvertretende Chefredakteur der Wochenzeitung DIE ZEIT Bernd Ulrich, geh\u00f6rt seit den siebziger Jahren zu den profiliertesten journalistischen Begleitern der Bundesrepublik Deutschland. Seit vielen Jahren werden seine Leitartikel und Kommentare, vor allen Dingen zur &hellip; <a href=\"https:\/\/blog.liesdoch.de\/?p=696\" class=\"more-link\"><span class=\"screen-reader-text\">Sagt uns die Wahrheit!<\/span> weiterlesen <span class=\"meta-nav\">&rarr;<\/span><\/a><\/p>\n","protected":false},"author":6,"featured_media":0,"comment_status":"open","ping_status":"open","sticky":false,"template":"","format":"standard","meta":{"footnotes":""},"categories":[1],"tags":[250,249,248],"class_list":["post-696","post","type-post","status-publish","format-standard","hentry","category-allgemein","tag-kultur-der-aufrichtigkeit","tag-medien","tag-politik"],"_links":{"self":[{"href":"https:\/\/blog.liesdoch.de\/index.php?rest_route=\/wp\/v2\/posts\/696","targetHints":{"allow":["GET"]}}],"collection":[{"href":"https:\/\/blog.liesdoch.de\/index.php?rest_route=\/wp\/v2\/posts"}],"about":[{"href":"https:\/\/blog.liesdoch.de\/index.php?rest_route=\/wp\/v2\/types\/post"}],"author":[{"embeddable":true,"href":"https:\/\/blog.liesdoch.de\/index.php?rest_route=\/wp\/v2\/users\/6"}],"replies":[{"embeddable":true,"href":"https:\/\/blog.liesdoch.de\/index.php?rest_route=%2Fwp%2Fv2%2Fcomments&post=696"}],"version-history":[{"count":2,"href":"https:\/\/blog.liesdoch.de\/index.php?rest_route=\/wp\/v2\/posts\/696\/revisions"}],"predecessor-version":[{"id":700,"href":"https:\/\/blog.liesdoch.de\/index.php?rest_route=\/wp\/v2\/posts\/696\/revisions\/700"}],"wp:attachment":[{"href":"https:\/\/blog.liesdoch.de\/index.php?rest_route=%2Fwp%2Fv2%2Fmedia&parent=696"}],"wp:term":[{"taxonomy":"category","embeddable":true,"href":"https:\/\/blog.liesdoch.de\/index.php?rest_route=%2Fwp%2Fv2%2Fcategories&post=696"},{"taxonomy":"post_tag","embeddable":true,"href":"https:\/\/blog.liesdoch.de\/index.php?rest_route=%2Fwp%2Fv2%2Ftags&post=696"}],"curies":[{"name":"wp","href":"https:\/\/api.w.org\/{rel}","templated":true}]}}