{"id":6969,"date":"2018-12-20T15:07:24","date_gmt":"2018-12-20T13:07:24","guid":{"rendered":"http:\/\/blog.liesdoch.de\/?p=6969"},"modified":"2018-12-20T15:07:24","modified_gmt":"2018-12-20T13:07:24","slug":"die-kinder-und-der-wal","status":"publish","type":"post","link":"https:\/\/blog.liesdoch.de\/?p=6969","title":{"rendered":"Die Kinder und der Wal"},"content":{"rendered":"<p>&nbsp;<\/p>\n<p>&nbsp;<\/p>\n<p>&nbsp;<\/p>\n<p>&nbsp;<\/p>\n<p><a href=\"http:\/\/blog.liesdoch.de\/wp-content\/uploads\/2018\/12\/52485883n.jpg\"><img loading=\"lazy\" decoding=\"async\" class=\"alignnone size-full wp-image-6970\" src=\"http:\/\/blog.liesdoch.de\/wp-content\/uploads\/2018\/12\/52485883n.jpg\" alt=\"\" width=\"242\" height=\"270\" \/><\/a><\/p>\n<p>Daniel Frost, Die Kinder und der Wal, Kleine Gestalten 2018, ISBN 978-3-89955-815-9<\/p>\n<p>&nbsp;<\/p>\n<p>Die beiden Geschwister Cuno und Aia leben hoch im arktischen Norden. Ihr Vater erz\u00e4hlt ihnen einst abends am Feuer von einen riesigen Tier, das einst durch die Gew\u00e4sser ihrer Hekmat zog und das er seit seiner eigenen\u00a0 Kindheit nicht mehr gesehen hat. Seine Dimensionen sind beeindruckend und insbesondere Cuno gehen die Worte des Vaters nicht mehr aus dem Kopf. Tags\u00fcber sucht er den Horizont ab und nachts tr\u00e4umt er von dem schrecklichen Ungeheuer. Wieso\u00a0 bekam niemand das doch so gro\u00dfe Tier zu Gesicht? Eines Tages nimmt er das Kajak seines Vaters und l\u00e4sst seine Schwester am Ufer zur\u00fcck. Er wird den Wal ganz alleine finden.<\/p>\n<p>Pl\u00f6tzlich (f\u00fcr mich aus den Bildern nicht nachvollziehbar) taucht seine Schwester auf und fortan suchen sie gemeinsam nach dem Wal in einer traumhaft sch\u00f6nen arktischen Landschaft. Sie begegnen den Robben und dem Walross und pl\u00f6tzlich verlieren sich die beiden Geschwister wieder.<\/p>\n<p>&nbsp;<\/p>\n<p>Da taucht der Wal auf und geleitet sie umsichtig den ganzen Weg bis nach Hause. Auf dem Hintergrund der wunderbaren Welt der Arktis wird eine sch\u00f6ne Geschichte von zwei Geschwistern erz\u00e4hlt, die auf der gemeinsamen Suche nach dem Wal zueinander finden.<\/p>\n","protected":false},"excerpt":{"rendered":"<p>&nbsp; &nbsp; &nbsp; &nbsp; Daniel Frost, Die Kinder und der Wal, Kleine Gestalten 2018, ISBN 978-3-89955-815-9 &nbsp; Die beiden Geschwister Cuno und Aia leben hoch im arktischen Norden. Ihr Vater erz\u00e4hlt ihnen einst abends am Feuer von einen riesigen Tier, das einst durch die Gew\u00e4sser ihrer Hekmat zog und das er seit seiner eigenen\u00a0 Kindheit &hellip; <a href=\"https:\/\/blog.liesdoch.de\/?p=6969\" class=\"more-link\"><span class=\"screen-reader-text\">Die Kinder und der Wal<\/span> weiterlesen <span class=\"meta-nav\">&rarr;<\/span><\/a><\/p>\n","protected":false},"author":6,"featured_media":0,"comment_status":"closed","ping_status":"open","sticky":false,"template":"","format":"standard","meta":{"footnotes":""},"categories":[1],"tags":[],"class_list":["post-6969","post","type-post","status-publish","format-standard","hentry","category-allgemein"],"_links":{"self":[{"href":"https:\/\/blog.liesdoch.de\/index.php?rest_route=\/wp\/v2\/posts\/6969","targetHints":{"allow":["GET"]}}],"collection":[{"href":"https:\/\/blog.liesdoch.de\/index.php?rest_route=\/wp\/v2\/posts"}],"about":[{"href":"https:\/\/blog.liesdoch.de\/index.php?rest_route=\/wp\/v2\/types\/post"}],"author":[{"embeddable":true,"href":"https:\/\/blog.liesdoch.de\/index.php?rest_route=\/wp\/v2\/users\/6"}],"replies":[{"embeddable":true,"href":"https:\/\/blog.liesdoch.de\/index.php?rest_route=%2Fwp%2Fv2%2Fcomments&post=6969"}],"version-history":[{"count":1,"href":"https:\/\/blog.liesdoch.de\/index.php?rest_route=\/wp\/v2\/posts\/6969\/revisions"}],"predecessor-version":[{"id":6971,"href":"https:\/\/blog.liesdoch.de\/index.php?rest_route=\/wp\/v2\/posts\/6969\/revisions\/6971"}],"wp:attachment":[{"href":"https:\/\/blog.liesdoch.de\/index.php?rest_route=%2Fwp%2Fv2%2Fmedia&parent=6969"}],"wp:term":[{"taxonomy":"category","embeddable":true,"href":"https:\/\/blog.liesdoch.de\/index.php?rest_route=%2Fwp%2Fv2%2Fcategories&post=6969"},{"taxonomy":"post_tag","embeddable":true,"href":"https:\/\/blog.liesdoch.de\/index.php?rest_route=%2Fwp%2Fv2%2Ftags&post=6969"}],"curies":[{"name":"wp","href":"https:\/\/api.w.org\/{rel}","templated":true}]}}