{"id":6972,"date":"2018-12-20T15:08:00","date_gmt":"2018-12-20T13:08:00","guid":{"rendered":"http:\/\/blog.liesdoch.de\/?p=6972"},"modified":"2018-12-20T15:08:00","modified_gmt":"2018-12-20T13:08:00","slug":"meine-mutter-ihre-liebhaber-und-mein-einsames-herz","status":"publish","type":"post","link":"https:\/\/blog.liesdoch.de\/?p=6972","title":{"rendered":"Meine Mutter, ihre Liebhaber und mein einsames Herz"},"content":{"rendered":"<p>&nbsp;<\/p>\n<p>&nbsp;<\/p>\n<p><a href=\"http:\/\/blog.liesdoch.de\/wp-content\/uploads\/2018\/12\/52435927n.jpg\"><img loading=\"lazy\" decoding=\"async\" class=\"alignnone size-medium wp-image-6973\" src=\"http:\/\/blog.liesdoch.de\/wp-content\/uploads\/2018\/12\/52435927n-192x300.jpg\" alt=\"\" width=\"192\" height=\"300\" srcset=\"https:\/\/blog.liesdoch.de\/wp-content\/uploads\/2018\/12\/52435927n-192x300.jpg 192w, https:\/\/blog.liesdoch.de\/wp-content\/uploads\/2018\/12\/52435927n.jpg 242w\" sizes=\"auto, (max-width: 192px) 100vw, 192px\" \/><\/a><\/p>\n<p>Cristina Karrer, Meine Mutter, ihre Liebhaber und mein einsames Herz, Orell F\u00fcssli 2018, ISBN 978-3-280-05681-3<\/p>\n<p>&nbsp;<\/p>\n<p>Cristina Karrer ist in der Schweiz eine seit langem bekannte und gefragte erfolgreiche Journalistin. In ihrer hier vorliegenden bewegenden Autobiographie erz\u00e4hlt sie von der schwierigen Beziehung zu ihrer Mutter und deren Erkrankung an Demenz.<\/p>\n<p>\u201eGeht es um meine Kindheit, sehe ich nicht viel\u201c, h\u00e4lt Cristina Karrer in ihrem lesenswerten Buch fest. W\u00e4hrend die aus einem katholischen Milieu stammende Mutter zum It-Girl der Sechziger avanciert, w\u00e4chst die Tochter u.a. bei Verwandten und im Kinderheim auf. Sp\u00e4ter wird aus dem enfant terrible eine Starjournalistin \u2013 und Mutterhasserin. Bis die Mutter an Demenz erkrankt.<\/p>\n<p>&nbsp;<\/p>\n<p>Als Cristina Karrer nach langer Zeit der Nichtbeachtung und Verachtung der eigenen Mutter von deren Alzheimer Krankheit erf\u00e4hrt, holt sie die Mutter zu sich nach S\u00fcdafrika. Und sie beginnt, sich neu mit der Geschichte ihrer Kindheit und ihrer Familie zu besch\u00e4ftigen und erlebt dabei mit einigem Erstaunen, sich erstmals als Tochter ihrer Mutter f\u00fchlen zu k\u00f6nnen.<br \/>\n\u201eWahrscheinlich ist meine Mutter schon immer f\u00fcr mich da gewesen. Doch gesp\u00fcrt habe ich das in all den Jahrzehnten nur in fl\u00fcchtigen Momenten. Ein halbes Jahrhundert musste vergehen, bis sie es von Herzen sagen und ich es von Herzen glauben konnte.\u201c#<\/p>\n<p>&nbsp;<\/p>\n<p>In dem Ma\u00df, in dem die Mutter krankheitsbedingt ihre Geschichte vergisst, gewinnt Cristina ihre eigene Vergangenheit, ihre Mutter, f\u00fcr sich zur\u00fcck. Ein Stoff, aus dem sich ein intensives Gespr\u00e4ch \u00fcber Bindung und Krankheit, Entfremdung und Sehnsucht entwickeln l\u00e4sst.<\/p>\n<p>&nbsp;<\/p>\n<p>Ein beeindruckendes, auch literarisch anspruchsvolles Buch.<\/p>\n<p>&nbsp;<\/p>\n<p>&nbsp;<\/p>\n<p>&nbsp;<\/p>\n<p>&nbsp;<\/p>\n","protected":false},"excerpt":{"rendered":"<p>&nbsp; &nbsp; Cristina Karrer, Meine Mutter, ihre Liebhaber und mein einsames Herz, Orell F\u00fcssli 2018, ISBN 978-3-280-05681-3 &nbsp; Cristina Karrer ist in der Schweiz eine seit langem bekannte und gefragte erfolgreiche Journalistin. In ihrer hier vorliegenden bewegenden Autobiographie erz\u00e4hlt sie von der schwierigen Beziehung zu ihrer Mutter und deren Erkrankung an Demenz. \u201eGeht es um &hellip; <a href=\"https:\/\/blog.liesdoch.de\/?p=6972\" class=\"more-link\"><span class=\"screen-reader-text\">Meine Mutter, ihre Liebhaber und mein einsames Herz<\/span> weiterlesen <span class=\"meta-nav\">&rarr;<\/span><\/a><\/p>\n","protected":false},"author":6,"featured_media":0,"comment_status":"closed","ping_status":"open","sticky":false,"template":"","format":"standard","meta":{"footnotes":""},"categories":[1],"tags":[],"class_list":["post-6972","post","type-post","status-publish","format-standard","hentry","category-allgemein"],"_links":{"self":[{"href":"https:\/\/blog.liesdoch.de\/index.php?rest_route=\/wp\/v2\/posts\/6972","targetHints":{"allow":["GET"]}}],"collection":[{"href":"https:\/\/blog.liesdoch.de\/index.php?rest_route=\/wp\/v2\/posts"}],"about":[{"href":"https:\/\/blog.liesdoch.de\/index.php?rest_route=\/wp\/v2\/types\/post"}],"author":[{"embeddable":true,"href":"https:\/\/blog.liesdoch.de\/index.php?rest_route=\/wp\/v2\/users\/6"}],"replies":[{"embeddable":true,"href":"https:\/\/blog.liesdoch.de\/index.php?rest_route=%2Fwp%2Fv2%2Fcomments&post=6972"}],"version-history":[{"count":1,"href":"https:\/\/blog.liesdoch.de\/index.php?rest_route=\/wp\/v2\/posts\/6972\/revisions"}],"predecessor-version":[{"id":6974,"href":"https:\/\/blog.liesdoch.de\/index.php?rest_route=\/wp\/v2\/posts\/6972\/revisions\/6974"}],"wp:attachment":[{"href":"https:\/\/blog.liesdoch.de\/index.php?rest_route=%2Fwp%2Fv2%2Fmedia&parent=6972"}],"wp:term":[{"taxonomy":"category","embeddable":true,"href":"https:\/\/blog.liesdoch.de\/index.php?rest_route=%2Fwp%2Fv2%2Fcategories&post=6972"},{"taxonomy":"post_tag","embeddable":true,"href":"https:\/\/blog.liesdoch.de\/index.php?rest_route=%2Fwp%2Fv2%2Ftags&post=6972"}],"curies":[{"name":"wp","href":"https:\/\/api.w.org\/{rel}","templated":true}]}}