{"id":6999,"date":"2019-01-09T14:55:37","date_gmt":"2019-01-09T12:55:37","guid":{"rendered":"http:\/\/blog.liesdoch.de\/?p=6999"},"modified":"2019-01-09T14:55:37","modified_gmt":"2019-01-09T12:55:37","slug":"der-naive-krieg-kunst-trauma-propaganda","status":"publish","type":"post","link":"https:\/\/blog.liesdoch.de\/?p=6999","title":{"rendered":"Der naive Krieg. Kunst. Trauma, Propaganda"},"content":{"rendered":"<p>&nbsp;<\/p>\n<p>&nbsp;<\/p>\n<p><a href=\"http:\/\/blog.liesdoch.de\/wp-content\/uploads\/2019\/01\/52488167n.jpg\"><img loading=\"lazy\" decoding=\"async\" class=\"alignnone size-medium wp-image-7000\" src=\"http:\/\/blog.liesdoch.de\/wp-content\/uploads\/2019\/01\/52488167n-234x300.jpg\" alt=\"\" width=\"234\" height=\"300\" srcset=\"https:\/\/blog.liesdoch.de\/wp-content\/uploads\/2019\/01\/52488167n-234x300.jpg 234w, https:\/\/blog.liesdoch.de\/wp-content\/uploads\/2019\/01\/52488167n.jpg 242w\" sizes=\"auto, (max-width: 234px) 100vw, 234px\" \/><\/a><\/p>\n<p>ATAK (Hg.), Der naive Krieg. Kunst. Trauma, Propaganda, Kunstmann Verlag 2018, ISBN 978-3-95614-267-3<\/p>\n<p>&nbsp;<\/p>\n<p>Die beiden Weltkriege des 20. Jahrhunderts haben nicht nun im kollektiven Ged\u00e4chtnis der europ\u00e4ischen V\u00f6lker bleibende Spuren hinterlassen, sondern auch in der Kunst. W\u00e4hrend jedes Jahr Hundertausende in den Museen der europ\u00e4ischen Gro\u00dfst\u00e4dte diese vom Grauen des Kriegs inspirierten Werke anschauen und sie in zahlreichen prachtvollen Bildb\u00e4nden auch jenen zur Verf\u00fcgung stehen, die nicht in Museen gehen oder dorthin fahren k\u00f6nnen, sind jene unz\u00e4hligen Artefakte und Werke aus der Laien- und Volkskunst nur schwer zug\u00e4nglich. Der K\u00fcnstler ATAK (Professor Georg Barber) zeigt in dem vorliegenden Buch seine beeindruckende Sammlung solcher Erinnerungskultur. An vielen Beispielen zeigt er auf, welch unterschiedlichen Zwecken diese Werke dienten: der Verarbeitung, der Verharmlosung, der Heroisierung oder der Propaganda.<\/p>\n<p>&nbsp;<\/p>\n<p>Er konfrontiert diese Laienwerke mit Werken zeitgen\u00f6ssischer K\u00fcnstler und gibt so beiden ihren Stellenwert.<\/p>\n<p>&nbsp;<\/p>\n","protected":false},"excerpt":{"rendered":"<p>&nbsp; &nbsp; ATAK (Hg.), Der naive Krieg. Kunst. Trauma, Propaganda, Kunstmann Verlag 2018, ISBN 978-3-95614-267-3 &nbsp; Die beiden Weltkriege des 20. Jahrhunderts haben nicht nun im kollektiven Ged\u00e4chtnis der europ\u00e4ischen V\u00f6lker bleibende Spuren hinterlassen, sondern auch in der Kunst. W\u00e4hrend jedes Jahr Hundertausende in den Museen der europ\u00e4ischen Gro\u00dfst\u00e4dte diese vom Grauen des Kriegs inspirierten &hellip; <a href=\"https:\/\/blog.liesdoch.de\/?p=6999\" class=\"more-link\"><span class=\"screen-reader-text\">Der naive Krieg. Kunst. Trauma, Propaganda<\/span> weiterlesen <span class=\"meta-nav\">&rarr;<\/span><\/a><\/p>\n","protected":false},"author":6,"featured_media":0,"comment_status":"closed","ping_status":"open","sticky":false,"template":"","format":"standard","meta":{"footnotes":""},"categories":[1],"tags":[],"class_list":["post-6999","post","type-post","status-publish","format-standard","hentry","category-allgemein"],"_links":{"self":[{"href":"https:\/\/blog.liesdoch.de\/index.php?rest_route=\/wp\/v2\/posts\/6999","targetHints":{"allow":["GET"]}}],"collection":[{"href":"https:\/\/blog.liesdoch.de\/index.php?rest_route=\/wp\/v2\/posts"}],"about":[{"href":"https:\/\/blog.liesdoch.de\/index.php?rest_route=\/wp\/v2\/types\/post"}],"author":[{"embeddable":true,"href":"https:\/\/blog.liesdoch.de\/index.php?rest_route=\/wp\/v2\/users\/6"}],"replies":[{"embeddable":true,"href":"https:\/\/blog.liesdoch.de\/index.php?rest_route=%2Fwp%2Fv2%2Fcomments&post=6999"}],"version-history":[{"count":1,"href":"https:\/\/blog.liesdoch.de\/index.php?rest_route=\/wp\/v2\/posts\/6999\/revisions"}],"predecessor-version":[{"id":7001,"href":"https:\/\/blog.liesdoch.de\/index.php?rest_route=\/wp\/v2\/posts\/6999\/revisions\/7001"}],"wp:attachment":[{"href":"https:\/\/blog.liesdoch.de\/index.php?rest_route=%2Fwp%2Fv2%2Fmedia&parent=6999"}],"wp:term":[{"taxonomy":"category","embeddable":true,"href":"https:\/\/blog.liesdoch.de\/index.php?rest_route=%2Fwp%2Fv2%2Fcategories&post=6999"},{"taxonomy":"post_tag","embeddable":true,"href":"https:\/\/blog.liesdoch.de\/index.php?rest_route=%2Fwp%2Fv2%2Ftags&post=6999"}],"curies":[{"name":"wp","href":"https:\/\/api.w.org\/{rel}","templated":true}]}}