{"id":7005,"date":"2019-01-09T14:57:02","date_gmt":"2019-01-09T12:57:02","guid":{"rendered":"http:\/\/blog.liesdoch.de\/?p=7005"},"modified":"2019-01-09T14:57:02","modified_gmt":"2019-01-09T12:57:02","slug":"der-unterlegene-mensch","status":"publish","type":"post","link":"https:\/\/blog.liesdoch.de\/?p=7005","title":{"rendered":"Der unterlegene Mensch"},"content":{"rendered":"<p>&nbsp;<\/p>\n<p>&nbsp;<\/p>\n<p>&nbsp;<\/p>\n<p><a href=\"http:\/\/blog.liesdoch.de\/wp-content\/uploads\/2019\/01\/52547267n.jpg\"><img loading=\"lazy\" decoding=\"async\" class=\"alignnone size-medium wp-image-7006\" src=\"http:\/\/blog.liesdoch.de\/wp-content\/uploads\/2019\/01\/52547267n-203x300.jpg\" alt=\"\" width=\"203\" height=\"300\" srcset=\"https:\/\/blog.liesdoch.de\/wp-content\/uploads\/2019\/01\/52547267n-203x300.jpg 203w, https:\/\/blog.liesdoch.de\/wp-content\/uploads\/2019\/01\/52547267n.jpg 242w\" sizes=\"auto, (max-width: 203px) 100vw, 203px\" \/><\/a><\/p>\n<p>Armin Grunwald, Der unterlegene Mensch, Riva 2018, ISBN 978-3-7423-0718-7<\/p>\n<p>&nbsp;<\/p>\n<p>Der Autor des vorliegenden Buches \u00a0Armin Grunwald ist Leiter des Instituts f\u00fcr Technikfolgenabsch\u00e4tzung (ITAS) in Karlsruhe und ber\u00e4t den Deutschen Bundestag in Fragen des wissenschaftlich-technischen Wandels. In diesem Bundestag konnte man in den Debatten des letzten Jahres, wenn es um die Digitalisierung ging, beides h\u00f6ren, um was es in dem Buch geht. Zum einen war da die begeisterte Rede von den Chancen der Digitalisierung und dass man auf keinen Fall den internationalen Anschluss verpassen d\u00fcrfen. Um anderen aber mischten sich mehr und mehr Stimmen und den Kanon der Begeisterten, die warnten vor den Folgen dieser scheinbar unaufhaltsamen Entwicklung. Denn die angeblich wunderbaren Zukunftsperspektiven dieser Entwicklung sind nur eine Seite der Medaille. Zunehmende Abh\u00e4ngigkeit von digitalen Technologien, das Risiko totaler \u00dcberwachung, massenweise \u00dcbernahme menschlicher Arbeitspl\u00e4tze durch Roboter, die Manipulation \u00f6ffentlicher Meinung, der drohende Kontrollverlust des Menschen \u00fcber die Technik \u2013 diese andere Seite zeigt bedrohliche Z\u00fcge.<\/p>\n<p>&nbsp;<\/p>\n<p>Armin Grunwald pl\u00e4diert in diesem Buch daf\u00fcr, dass Politik und Einzelne die Digitalisierung bewusst gestalten sollten. Der Mensch sollte nicht komplett ersetzbar werden. Er darf seine Souver\u00e4nit\u00e4t nicht immer mehr an die digitale Technik abgeben.<\/p>\n<p>Ob\u00a0 die ganze Entwicklung noch aufzuhalten ist? Der Titel des Buches &#8222;Der unterlegene Mensch&#8220; spielt mit dem Gedanken, der Zug sei schon l\u00e4ngst angefahren. Bei aller kritischen Analyse und allen Warnungen, die der Fachmann da ausspricht, liest sich seine Zusammenfassung aber eher optimistisch: &#8222;Unsere Aufgabe ist es, die digitalen Technologien so zu entwickeln und einzusetzen, dass wir ein m\u00f6glichst gutes analoges Leben f\u00fchren k\u00f6nnen.&#8220;<\/p>\n<p>&nbsp;<\/p>\n<p>So richtig das sein mag, f\u00fcr so unwahrscheinlich halte ich es angesichts internationaler Tendenzen, dass dies so gelingt, wie Grunwald sich das w\u00fcnscht. Einsatz digitaler Techniken zum Wohl des Menschen: was da wohl so mancher Autokrat (sie werden immer zahlreicher auch in ehedem westlichen L\u00e4ndern) dazu sagen wird, die profitorientierten Global Players und die Digitalkriminellen, die kaum noch mit herk\u00f6mmlichen Methoden aufzusp\u00fcren sind?<\/p>\n<p>&nbsp;<\/p>\n<p>\u201eDer unterlegene Mensch\u201c ist ein gutes, informatives und aufkl\u00e4rendes Buch, das mich aber eher skeptisch zur\u00fcckgelassen hat, was die Zukunft betrifft.<\/p>\n<p>.<\/p>\n","protected":false},"excerpt":{"rendered":"<p>&nbsp; &nbsp; &nbsp; Armin Grunwald, Der unterlegene Mensch, Riva 2018, ISBN 978-3-7423-0718-7 &nbsp; Der Autor des vorliegenden Buches \u00a0Armin Grunwald ist Leiter des Instituts f\u00fcr Technikfolgenabsch\u00e4tzung (ITAS) in Karlsruhe und ber\u00e4t den Deutschen Bundestag in Fragen des wissenschaftlich-technischen Wandels. In diesem Bundestag konnte man in den Debatten des letzten Jahres, wenn es um die Digitalisierung &hellip; <a href=\"https:\/\/blog.liesdoch.de\/?p=7005\" class=\"more-link\"><span class=\"screen-reader-text\">Der unterlegene Mensch<\/span> weiterlesen <span class=\"meta-nav\">&rarr;<\/span><\/a><\/p>\n","protected":false},"author":6,"featured_media":0,"comment_status":"closed","ping_status":"open","sticky":false,"template":"","format":"standard","meta":{"footnotes":""},"categories":[1],"tags":[],"class_list":["post-7005","post","type-post","status-publish","format-standard","hentry","category-allgemein"],"_links":{"self":[{"href":"https:\/\/blog.liesdoch.de\/index.php?rest_route=\/wp\/v2\/posts\/7005","targetHints":{"allow":["GET"]}}],"collection":[{"href":"https:\/\/blog.liesdoch.de\/index.php?rest_route=\/wp\/v2\/posts"}],"about":[{"href":"https:\/\/blog.liesdoch.de\/index.php?rest_route=\/wp\/v2\/types\/post"}],"author":[{"embeddable":true,"href":"https:\/\/blog.liesdoch.de\/index.php?rest_route=\/wp\/v2\/users\/6"}],"replies":[{"embeddable":true,"href":"https:\/\/blog.liesdoch.de\/index.php?rest_route=%2Fwp%2Fv2%2Fcomments&post=7005"}],"version-history":[{"count":1,"href":"https:\/\/blog.liesdoch.de\/index.php?rest_route=\/wp\/v2\/posts\/7005\/revisions"}],"predecessor-version":[{"id":7007,"href":"https:\/\/blog.liesdoch.de\/index.php?rest_route=\/wp\/v2\/posts\/7005\/revisions\/7007"}],"wp:attachment":[{"href":"https:\/\/blog.liesdoch.de\/index.php?rest_route=%2Fwp%2Fv2%2Fmedia&parent=7005"}],"wp:term":[{"taxonomy":"category","embeddable":true,"href":"https:\/\/blog.liesdoch.de\/index.php?rest_route=%2Fwp%2Fv2%2Fcategories&post=7005"},{"taxonomy":"post_tag","embeddable":true,"href":"https:\/\/blog.liesdoch.de\/index.php?rest_route=%2Fwp%2Fv2%2Ftags&post=7005"}],"curies":[{"name":"wp","href":"https:\/\/api.w.org\/{rel}","templated":true}]}}