{"id":7008,"date":"2019-01-09T14:57:40","date_gmt":"2019-01-09T12:57:40","guid":{"rendered":"http:\/\/blog.liesdoch.de\/?p=7008"},"modified":"2019-01-09T14:57:40","modified_gmt":"2019-01-09T12:57:40","slug":"die-geheime-bibliothek-von-daraya","status":"publish","type":"post","link":"https:\/\/blog.liesdoch.de\/?p=7008","title":{"rendered":"Die geheime Bibliothek von Daraya"},"content":{"rendered":"<p>&nbsp;<\/p>\n<p>&nbsp;<\/p>\n<p>&nbsp;<\/p>\n<p><a href=\"http:\/\/blog.liesdoch.de\/wp-content\/uploads\/2019\/01\/52539942n.jpg\"><img loading=\"lazy\" decoding=\"async\" class=\"alignnone size-medium wp-image-7009\" src=\"http:\/\/blog.liesdoch.de\/wp-content\/uploads\/2019\/01\/52539942n-207x300.jpg\" alt=\"\" width=\"207\" height=\"300\" srcset=\"https:\/\/blog.liesdoch.de\/wp-content\/uploads\/2019\/01\/52539942n-207x300.jpg 207w, https:\/\/blog.liesdoch.de\/wp-content\/uploads\/2019\/01\/52539942n.jpg 242w\" sizes=\"auto, (max-width: 207px) 100vw, 207px\" \/><\/a><\/p>\n<p>Delphine Minoui, Die geheime Bibliothek von Daraya, Benevento 2018, ISBN 978-3-7109-0042-6<\/p>\n<p>Delphine Minoui ist eine franz\u00f6sisch-iranische Journalistin, die sich seit langem f\u00fcr die Situation im Nahen Osten interessiert und mit vielen Artikeln in franz\u00f6sischen Magazinen engagiert. Eines Tages entdeckt sie bei ihren regelm\u00e4\u00dfigen Recherchen auf Facebook ein Bild:<\/p>\n<p>\u201eEs ist ein ungew\u00f6hnliches Bild. Eine r\u00e4tselhafte Aufnahme aus der syrischen H\u00f6lle, ohne jede Spur von Blut oder Kugeln. Zwei M\u00e4nner im Profil, umgeben von W\u00e4nden aus B\u00fcchern. Der eine beugt sich \u00fcber einen in der Mitte aufgeschlagenen Band. Der andere blickt suchend in ein Regal. Sie sind jung, um die zwanzig, der erste tr\u00e4gt eine Trainingsjacke, der zweite eine Baseballkappe. Das k\u00fcnstliche Licht, das in dem fensterlosen Raum auf ihre Gesichter f\u00e4llt, verst\u00e4rkt noch den befremdlichen Eindruck der Szene. Wie ein vorsichtiges Atemholen in den Zwischenr\u00e4umen des Krieges.\u201c<\/p>\n<p>&nbsp;<\/p>\n<p>Unter dem Bild ist die Rede von einer geheimen Bibliothek im Untergrund Darayas, einem Vorort von Damaskus, der von den Regierungstruppen permanent bombardiert und dem Erdboden nahezu gleichgemacht wurde. Minoui ist fasziniert und es gelingt ihr unter sehr schwierigen Umst\u00e4nden mit den Gr\u00fcndern dieser \u201eBibliothek als Waffe gegen die Diktatur\u201c Kontakt aufzunehmen und diesen zu halten. \u00dcber etwa zwei Jahre begleitet sie \u00fcber das Internet die Gr\u00fcnder dieser Bibliothek durch alle ihre Erlebnisse, bei allen Wendepunkten und Tiefschl\u00e4gen, die der Krieg ihrem wunderbaren Projekt zuf\u00fcgt.<\/p>\n<p>&nbsp;<\/p>\n<p>Der faszinierte und sehr ber\u00fchrte Leser begegnet Einzelschicksalen, die durch B\u00fccher verbunden werden und sich so gegen Verzweiflung und Resignation stemmen. Es ist eine Mut machende Geschichte von der Macht des Lesens und der Hoffnung auf eine bessere Zukunft.<\/p>\n<p>&nbsp;<\/p>\n<p>&nbsp;<\/p>\n<p>&nbsp;<\/p>\n","protected":false},"excerpt":{"rendered":"<p>&nbsp; &nbsp; &nbsp; Delphine Minoui, Die geheime Bibliothek von Daraya, Benevento 2018, ISBN 978-3-7109-0042-6 Delphine Minoui ist eine franz\u00f6sisch-iranische Journalistin, die sich seit langem f\u00fcr die Situation im Nahen Osten interessiert und mit vielen Artikeln in franz\u00f6sischen Magazinen engagiert. Eines Tages entdeckt sie bei ihren regelm\u00e4\u00dfigen Recherchen auf Facebook ein Bild: \u201eEs ist ein ungew\u00f6hnliches &hellip; <a href=\"https:\/\/blog.liesdoch.de\/?p=7008\" class=\"more-link\"><span class=\"screen-reader-text\">Die geheime Bibliothek von Daraya<\/span> weiterlesen <span class=\"meta-nav\">&rarr;<\/span><\/a><\/p>\n","protected":false},"author":6,"featured_media":0,"comment_status":"closed","ping_status":"open","sticky":false,"template":"","format":"standard","meta":{"footnotes":""},"categories":[1],"tags":[],"class_list":["post-7008","post","type-post","status-publish","format-standard","hentry","category-allgemein"],"_links":{"self":[{"href":"https:\/\/blog.liesdoch.de\/index.php?rest_route=\/wp\/v2\/posts\/7008","targetHints":{"allow":["GET"]}}],"collection":[{"href":"https:\/\/blog.liesdoch.de\/index.php?rest_route=\/wp\/v2\/posts"}],"about":[{"href":"https:\/\/blog.liesdoch.de\/index.php?rest_route=\/wp\/v2\/types\/post"}],"author":[{"embeddable":true,"href":"https:\/\/blog.liesdoch.de\/index.php?rest_route=\/wp\/v2\/users\/6"}],"replies":[{"embeddable":true,"href":"https:\/\/blog.liesdoch.de\/index.php?rest_route=%2Fwp%2Fv2%2Fcomments&post=7008"}],"version-history":[{"count":1,"href":"https:\/\/blog.liesdoch.de\/index.php?rest_route=\/wp\/v2\/posts\/7008\/revisions"}],"predecessor-version":[{"id":7010,"href":"https:\/\/blog.liesdoch.de\/index.php?rest_route=\/wp\/v2\/posts\/7008\/revisions\/7010"}],"wp:attachment":[{"href":"https:\/\/blog.liesdoch.de\/index.php?rest_route=%2Fwp%2Fv2%2Fmedia&parent=7008"}],"wp:term":[{"taxonomy":"category","embeddable":true,"href":"https:\/\/blog.liesdoch.de\/index.php?rest_route=%2Fwp%2Fv2%2Fcategories&post=7008"},{"taxonomy":"post_tag","embeddable":true,"href":"https:\/\/blog.liesdoch.de\/index.php?rest_route=%2Fwp%2Fv2%2Ftags&post=7008"}],"curies":[{"name":"wp","href":"https:\/\/api.w.org\/{rel}","templated":true}]}}