{"id":701,"date":"2015-10-22T12:38:19","date_gmt":"2015-10-22T10:38:19","guid":{"rendered":"http:\/\/blog.liesdoch.de\/?p=701"},"modified":"2015-10-22T12:38:19","modified_gmt":"2015-10-22T10:38:19","slug":"meine-schwester-mag","status":"publish","type":"post","link":"https:\/\/blog.liesdoch.de\/?p=701","title":{"rendered":"Meine Schwester mag &#8230;."},"content":{"rendered":"<p>&nbsp;<\/p>\n<p>&nbsp;<\/p>\n<p><a href=\"http:\/\/blog.liesdoch.de\/wp-content\/uploads\/2015\/10\/39143238z.jpg\"><img loading=\"lazy\" decoding=\"async\" class=\"alignnone size-medium wp-image-702\" src=\"http:\/\/blog.liesdoch.de\/wp-content\/uploads\/2015\/10\/39143238z-243x300.jpg\" alt=\"39143238z\" width=\"243\" height=\"300\" srcset=\"https:\/\/blog.liesdoch.de\/wp-content\/uploads\/2015\/10\/39143238z-243x300.jpg 243w, https:\/\/blog.liesdoch.de\/wp-content\/uploads\/2015\/10\/39143238z.jpg 340w\" sizes=\"auto, (max-width: 243px) 100vw, 243px\" \/><\/a><\/p>\n<p>&nbsp;<\/p>\n<p>Jane Glynn, Meine Schwester mag\u2026, Carl Auer 2013, ISBN 978-3-8497-0016-4<\/p>\n<p>In diesem kleinen Bilderbuch geht es um Geschwisterliebe und Geschwisterbeziehungen. Ein kleines M\u00e4dchen erz\u00e4hlt in knappen Worten davon, was ihre gro\u00dfe Schwester mag. Um auf der folgenden Seite zu konstatieren: \u201eUnd ich auch.\u201c<\/p>\n<p>Und am Ende stellt sie voller Zufriedenheit fest: \u201eAber am allerliebsten von allem mag meine Schwester \u2026.. mich.\u201c Schwarz-wei\u00dfe Kohlenstiftzeichnungen halten die Lieblingst\u00e4tigkeiten der gro\u00dfen Schwester, die die kleine nachahmt, eindrucksvoll fest.<\/p>\n<p>Ungew\u00f6hnlich sind die nicht geschnittenen Doppelseiten. Vielleicht ein Hinweis darauf, wieviel Platz und Luft in einer Geschwisterbeziehungen sind.<\/p>\n<p>Ein sch\u00f6nes Kleinod aus der Reihe Carl Auer Kids.<\/p>\n<p>&nbsp;<\/p>\n<p>&nbsp;<\/p>\n","protected":false},"excerpt":{"rendered":"<p>&nbsp; &nbsp; &nbsp; Jane Glynn, Meine Schwester mag\u2026, Carl Auer 2013, ISBN 978-3-8497-0016-4 In diesem kleinen Bilderbuch geht es um Geschwisterliebe und Geschwisterbeziehungen. Ein kleines M\u00e4dchen erz\u00e4hlt in knappen Worten davon, was ihre gro\u00dfe Schwester mag. Um auf der folgenden Seite zu konstatieren: \u201eUnd ich auch.\u201c Und am Ende stellt sie voller Zufriedenheit fest: \u201eAber &hellip; <a href=\"https:\/\/blog.liesdoch.de\/?p=701\" class=\"more-link\"><span class=\"screen-reader-text\">Meine Schwester mag &#8230;.<\/span> weiterlesen <span class=\"meta-nav\">&rarr;<\/span><\/a><\/p>\n","protected":false},"author":6,"featured_media":0,"comment_status":"open","ping_status":"open","sticky":false,"template":"","format":"standard","meta":{"footnotes":""},"categories":[1],"tags":[253,33,252,251],"class_list":["post-701","post","type-post","status-publish","format-standard","hentry","category-allgemein","tag-carl-auer-kids","tag-bilderbuch","tag-geschwisterbeziezhung","tag-geschwisterliebe"],"_links":{"self":[{"href":"https:\/\/blog.liesdoch.de\/index.php?rest_route=\/wp\/v2\/posts\/701","targetHints":{"allow":["GET"]}}],"collection":[{"href":"https:\/\/blog.liesdoch.de\/index.php?rest_route=\/wp\/v2\/posts"}],"about":[{"href":"https:\/\/blog.liesdoch.de\/index.php?rest_route=\/wp\/v2\/types\/post"}],"author":[{"embeddable":true,"href":"https:\/\/blog.liesdoch.de\/index.php?rest_route=\/wp\/v2\/users\/6"}],"replies":[{"embeddable":true,"href":"https:\/\/blog.liesdoch.de\/index.php?rest_route=%2Fwp%2Fv2%2Fcomments&post=701"}],"version-history":[{"count":1,"href":"https:\/\/blog.liesdoch.de\/index.php?rest_route=\/wp\/v2\/posts\/701\/revisions"}],"predecessor-version":[{"id":703,"href":"https:\/\/blog.liesdoch.de\/index.php?rest_route=\/wp\/v2\/posts\/701\/revisions\/703"}],"wp:attachment":[{"href":"https:\/\/blog.liesdoch.de\/index.php?rest_route=%2Fwp%2Fv2%2Fmedia&parent=701"}],"wp:term":[{"taxonomy":"category","embeddable":true,"href":"https:\/\/blog.liesdoch.de\/index.php?rest_route=%2Fwp%2Fv2%2Fcategories&post=701"},{"taxonomy":"post_tag","embeddable":true,"href":"https:\/\/blog.liesdoch.de\/index.php?rest_route=%2Fwp%2Fv2%2Ftags&post=701"}],"curies":[{"name":"wp","href":"https:\/\/api.w.org\/{rel}","templated":true}]}}