{"id":7028,"date":"2019-01-17T09:03:44","date_gmt":"2019-01-17T07:03:44","guid":{"rendered":"http:\/\/blog.liesdoch.de\/?p=7028"},"modified":"2019-01-17T09:03:44","modified_gmt":"2019-01-17T07:03:44","slug":"geisterbahn","status":"publish","type":"post","link":"https:\/\/blog.liesdoch.de\/?p=7028","title":{"rendered":"Geisterbahn"},"content":{"rendered":"<p>&nbsp;<\/p>\n<p>&nbsp;<\/p>\n<p>&nbsp;<\/p>\n<p><a href=\"http:\/\/blog.liesdoch.de\/wp-content\/uploads\/2019\/01\/52471278n.jpg\"><img loading=\"lazy\" decoding=\"async\" class=\"alignnone size-medium wp-image-7029\" src=\"http:\/\/blog.liesdoch.de\/wp-content\/uploads\/2019\/01\/52471278n-236x300.jpg\" alt=\"\" width=\"236\" height=\"300\" srcset=\"https:\/\/blog.liesdoch.de\/wp-content\/uploads\/2019\/01\/52471278n-236x300.jpg 236w, https:\/\/blog.liesdoch.de\/wp-content\/uploads\/2019\/01\/52471278n.jpg 242w\" sizes=\"auto, (max-width: 236px) 100vw, 236px\" \/><\/a><\/p>\n<p>Ursula Krechel, Geisterbahn, Jung und Jung 2018, ISBN 978-3-99027-219-0<\/p>\n<p>&nbsp;<\/p>\n<p>Auch in ihrem neuem wieder inhalts- und seitenm\u00e4chtigen Roman \u201eGeisterbahn\u201c setzt Ursula Krechel ihre schon in ihren beiden B\u00fcchern \u201eShanghai fern von wo\u201c und in dem mit dem Deutschen Buchpreis ausgezeichneten Roman \u201eLandgericht\u201c begonnene historische Rekonstruktionsarbeit fort.<\/p>\n<p>&nbsp;<\/p>\n<p>In \u201eGeisterbahn\u201c erz\u00e4hlt sie, ein ganzes Jahrhundert umspannend, die Geschichte einer deutschen Familie, der Dorns. Die Dorns sind Sinti und sind w\u00e4hrend des Dritten Reiches durch die m\u00f6rderische Rassenpolitik der Nationalsozialisten mit ihrer ganzen Familie von der Vernichtung bedroht. Sterilisation, Verschleppung und Zwangsarbeit und schlie\u00dflich der Tod in KZ`s \u2013 viele Menschen dieser Familie erleiden w\u00e4hrend des Dritten Reiches F\u00fcrchterliches.<\/p>\n<p>&nbsp;<\/p>\n<p>Als der Krieg zu Ende ist, haben die \u00fcberlebenden Dorns nicht nur den Gro\u00dfteil ihrer ehedem gro\u00dfen Familie verloren, sondern auch jegliches Vertrauen in Nachbarn oder Institutionen und stehen vor dem existenziellen Nichts.<\/p>\n<p>&nbsp;<\/p>\n<p>Und nun sitzen sie in einer Grundschulklasse zusammen: Anna, das j\u00fcngste der Dorn-Kinder, die Tochter von Kommunisten und der Sohn eines Nazi-Polizisten.<\/p>\n<p>&nbsp;<\/p>\n<p>Ursula Krechel erz\u00e4hlt die Geschichte dieser Kinder und die ihrer jeweiligen Eltern. Die Eltern dieser Kinder haben eines gemeinsam: sie schweigen ihren Kindern gegen\u00fcber \u00fcber das, was Jahre zuvor geschehen ist. Sie schweigen \u00fcber ihr Opfer- und T\u00e4tersein.<\/p>\n<p>Wer auf welche Weise \u00fcberlebt hat, aus Zufall oder durch eigenes geschicktes Zutun, danach fragt niemand. Diese Kinder teilen vieles, nur nicht die Geister der Vergangenheit.<\/p>\n<p>&nbsp;<\/p>\n<p>Am Beispiel dieser Kinder, ihrer Familien und ihrer Geschichte h\u00e4ngt Ursula Krechel ihren ein knappes Jahrhundert umspannenden Familienroman auf.\u00a0 Kunstfertig und mit einer wunderbar eleganten und poetischen Sprache, die immer wieder, wie schon in den B\u00fcchern zuvor, die Lyrikerin erkennen l\u00e4sst, beschreibt Ursula Krechel auf eine sehr bewegende und ber\u00fchrende Weise davon, wie sich die Geschichte spiegelt in den Br\u00fcchen und den vielf\u00e4ltigen Verheerungen, die sich in die Lebensgeschichte der einzelnen Figuren eingeschrieben, ja geradezu eingebrannt haben.<\/p>\n<p>&nbsp;<\/p>\n<p>Und wieder, wie schon in den B\u00fcchern zuvor, gelingt es ihr mit ihrer seltenen Sprachkunst eine atmosph\u00e4rische Dichte herzustellen, in der das vermeintlich Vergangene, schon lang Vergangene, auf eine geradezu den Leser bedr\u00e4ngende Weise gegenw\u00e4rtig und aktuell wird.<\/p>\n<p>&nbsp;<\/p>\n<p>Die sich \u00fcber mehrere Weihnachtstage hinziehende Lekt\u00fcre dieses Buches und meine Erfahrung damit, standen in einem immer wieder verst\u00f6renden Gegensatz zu der Botschaft dieses Festes.<\/p>\n<p>&nbsp;<\/p>\n<p>Sechs Jahre hat es seit dem letzten mit dem Deutschen Buchpreis ausgezeichneten Roman \u201eLandgericht\u201c\u00a0 gedauert, bis die in Berlin lebende Ursula Krechel mit ihrem neuen Buch fertig war.<\/p>\n<p>&nbsp;<\/p>\n<p>Das Warten hat sich gelohnt. Ursula Krechel z\u00e4hlt f\u00fcr mich zu den wichtigsten\u00a0 zeitgen\u00f6ssischen Schriftstellerinnen deutscher Sprache.<\/p>\n<p>&nbsp;<\/p>\n","protected":false},"excerpt":{"rendered":"<p>&nbsp; &nbsp; &nbsp; Ursula Krechel, Geisterbahn, Jung und Jung 2018, ISBN 978-3-99027-219-0 &nbsp; Auch in ihrem neuem wieder inhalts- und seitenm\u00e4chtigen Roman \u201eGeisterbahn\u201c setzt Ursula Krechel ihre schon in ihren beiden B\u00fcchern \u201eShanghai fern von wo\u201c und in dem mit dem Deutschen Buchpreis ausgezeichneten Roman \u201eLandgericht\u201c begonnene historische Rekonstruktionsarbeit fort. &nbsp; In \u201eGeisterbahn\u201c erz\u00e4hlt sie, &hellip; <a href=\"https:\/\/blog.liesdoch.de\/?p=7028\" class=\"more-link\"><span class=\"screen-reader-text\">Geisterbahn<\/span> weiterlesen <span class=\"meta-nav\">&rarr;<\/span><\/a><\/p>\n","protected":false},"author":6,"featured_media":0,"comment_status":"closed","ping_status":"open","sticky":false,"template":"","format":"standard","meta":{"footnotes":""},"categories":[1],"tags":[],"class_list":["post-7028","post","type-post","status-publish","format-standard","hentry","category-allgemein"],"_links":{"self":[{"href":"https:\/\/blog.liesdoch.de\/index.php?rest_route=\/wp\/v2\/posts\/7028","targetHints":{"allow":["GET"]}}],"collection":[{"href":"https:\/\/blog.liesdoch.de\/index.php?rest_route=\/wp\/v2\/posts"}],"about":[{"href":"https:\/\/blog.liesdoch.de\/index.php?rest_route=\/wp\/v2\/types\/post"}],"author":[{"embeddable":true,"href":"https:\/\/blog.liesdoch.de\/index.php?rest_route=\/wp\/v2\/users\/6"}],"replies":[{"embeddable":true,"href":"https:\/\/blog.liesdoch.de\/index.php?rest_route=%2Fwp%2Fv2%2Fcomments&post=7028"}],"version-history":[{"count":1,"href":"https:\/\/blog.liesdoch.de\/index.php?rest_route=\/wp\/v2\/posts\/7028\/revisions"}],"predecessor-version":[{"id":7030,"href":"https:\/\/blog.liesdoch.de\/index.php?rest_route=\/wp\/v2\/posts\/7028\/revisions\/7030"}],"wp:attachment":[{"href":"https:\/\/blog.liesdoch.de\/index.php?rest_route=%2Fwp%2Fv2%2Fmedia&parent=7028"}],"wp:term":[{"taxonomy":"category","embeddable":true,"href":"https:\/\/blog.liesdoch.de\/index.php?rest_route=%2Fwp%2Fv2%2Fcategories&post=7028"},{"taxonomy":"post_tag","embeddable":true,"href":"https:\/\/blog.liesdoch.de\/index.php?rest_route=%2Fwp%2Fv2%2Ftags&post=7028"}],"curies":[{"name":"wp","href":"https:\/\/api.w.org\/{rel}","templated":true}]}}