{"id":7039,"date":"2019-01-22T11:09:52","date_gmt":"2019-01-22T09:09:52","guid":{"rendered":"http:\/\/blog.liesdoch.de\/?p=7039"},"modified":"2019-01-22T11:09:52","modified_gmt":"2019-01-22T09:09:52","slug":"ueber-das-strafen","status":"publish","type":"post","link":"https:\/\/blog.liesdoch.de\/?p=7039","title":{"rendered":"\u00dcber das Strafen"},"content":{"rendered":"<p>&nbsp;<\/p>\n<p>&nbsp;<\/p>\n<p><a href=\"http:\/\/blog.liesdoch.de\/wp-content\/uploads\/2019\/01\/43695291n.jpg\"><img loading=\"lazy\" decoding=\"async\" class=\"alignnone size-medium wp-image-7040\" src=\"http:\/\/blog.liesdoch.de\/wp-content\/uploads\/2019\/01\/43695291n-196x300.jpg\" alt=\"\" width=\"196\" height=\"300\" srcset=\"https:\/\/blog.liesdoch.de\/wp-content\/uploads\/2019\/01\/43695291n-196x300.jpg 196w, https:\/\/blog.liesdoch.de\/wp-content\/uploads\/2019\/01\/43695291n.jpg 242w\" sizes=\"auto, (max-width: 196px) 100vw, 196px\" \/><\/a><\/p>\n<p>Thomas Fischer, \u00dcber das Strafen, Droemer 2018, ISBN 978-3-426-27687-7<\/p>\n<p>&nbsp;<\/p>\n<p>&nbsp;<\/p>\n<p>In einer Zeit, in der trotz zur\u00fcckgehender Kriminalit\u00e4t sich in Deutschland eine Stimmung immer mehr ausbreitet, die insbesondere im Strafrecht, aber auch in den meisten anderen Bereichen, wo Menschen das Recht brechen, eine h\u00e4rtere Gangart in der Rechtsprechung fordert bzw. wo die volle Aussch\u00f6pfung des Rahmen des Strafma\u00dfes f\u00fcr eine Tat durch einen Richter \u00f6ffentliche Zustimmung findet, in einer Zeit, wo nach jedem die \u00d6ffentlichkeit erregenden Vorfall nach neuen und h\u00e4rteren Gesetzen gerufen wird, in so einer Zeit kommt das vorliegende Buch gerade recht.<\/p>\n<p>&nbsp;<\/p>\n<p>Der ehemalige Bundesrichter Thomas Fischer, der sich im Ruhestand in den letzten Jahren einen Ruf als streitbarer, leidenschaftlicher und wortm\u00e4chtiger Vertreter seiner Zunft erworben hat, beschreibt in diesem Buch unser Rechtssystem als das, was unsere Gesellschaft zusammenh\u00e4lt. Insbesondere das Strafrecht verspricht als Grundlage staatlichen Handelns Sicherheit f\u00fcr die Bev\u00f6lkerung. Es ist ein selbstgegebenes Regelwerk, das von vielen Bedingungen abh\u00e4ngt und vor allen Dingen durch die Rechtsprechung in st\u00e4ndiger Bewegung ist.<\/p>\n<p>Es ist aber auch ein Ort, an dem grundlegende Fragen des gesellschaftlichen Lebens, der Freiheitsspielr\u00e4ume und der Verantwortung verhandelt und besprochen werden. Ein\u00a0 lebendiges System also.<\/p>\n<p>&nbsp;<\/p>\n<p>Mit seiner These vom Strafrecht als Kommunikation und Gewalt h\u00e4lt Fischer ein leidenschaftliches Pl\u00e4doyer f\u00fcr unsere Idee des Rechtsstaats:<\/p>\n<p>\u201eDemokratie an sich erzeugt nicht gutes Strafrecht. Sie ist aber ein Legitimationsmodell, das ein rationales, auf Menschenw\u00fcrde basierendes Modell einer Wahrheits-Findung erm\u00f6glicht, die den Einzelnen vor fremdem Unrecht, aber auch vor obrigkeitlicher Unfreiheit und Objektstellung sch\u00fctzt und es erm\u00f6glicht \u2013 mit allen Vorbehalten, Unsicherheiten und Fehlern- an einer Idee des Rechtsstaates weiterzuarbeiten.\u201c<\/p>\n<p>Ein auch f\u00fcr Nichtjuristen verst\u00e4ndliches und f\u00fcr alle Demokraten empfehlenswertes Buch.<\/p>\n<p>&nbsp;<\/p>\n<p>&nbsp;<\/p>\n","protected":false},"excerpt":{"rendered":"<p>&nbsp; &nbsp; Thomas Fischer, \u00dcber das Strafen, Droemer 2018, ISBN 978-3-426-27687-7 &nbsp; &nbsp; In einer Zeit, in der trotz zur\u00fcckgehender Kriminalit\u00e4t sich in Deutschland eine Stimmung immer mehr ausbreitet, die insbesondere im Strafrecht, aber auch in den meisten anderen Bereichen, wo Menschen das Recht brechen, eine h\u00e4rtere Gangart in der Rechtsprechung fordert bzw. wo die &hellip; <a href=\"https:\/\/blog.liesdoch.de\/?p=7039\" class=\"more-link\"><span class=\"screen-reader-text\">\u00dcber das Strafen<\/span> weiterlesen <span class=\"meta-nav\">&rarr;<\/span><\/a><\/p>\n","protected":false},"author":6,"featured_media":0,"comment_status":"closed","ping_status":"open","sticky":false,"template":"","format":"standard","meta":{"footnotes":""},"categories":[1],"tags":[],"class_list":["post-7039","post","type-post","status-publish","format-standard","hentry","category-allgemein"],"_links":{"self":[{"href":"https:\/\/blog.liesdoch.de\/index.php?rest_route=\/wp\/v2\/posts\/7039","targetHints":{"allow":["GET"]}}],"collection":[{"href":"https:\/\/blog.liesdoch.de\/index.php?rest_route=\/wp\/v2\/posts"}],"about":[{"href":"https:\/\/blog.liesdoch.de\/index.php?rest_route=\/wp\/v2\/types\/post"}],"author":[{"embeddable":true,"href":"https:\/\/blog.liesdoch.de\/index.php?rest_route=\/wp\/v2\/users\/6"}],"replies":[{"embeddable":true,"href":"https:\/\/blog.liesdoch.de\/index.php?rest_route=%2Fwp%2Fv2%2Fcomments&post=7039"}],"version-history":[{"count":1,"href":"https:\/\/blog.liesdoch.de\/index.php?rest_route=\/wp\/v2\/posts\/7039\/revisions"}],"predecessor-version":[{"id":7041,"href":"https:\/\/blog.liesdoch.de\/index.php?rest_route=\/wp\/v2\/posts\/7039\/revisions\/7041"}],"wp:attachment":[{"href":"https:\/\/blog.liesdoch.de\/index.php?rest_route=%2Fwp%2Fv2%2Fmedia&parent=7039"}],"wp:term":[{"taxonomy":"category","embeddable":true,"href":"https:\/\/blog.liesdoch.de\/index.php?rest_route=%2Fwp%2Fv2%2Fcategories&post=7039"},{"taxonomy":"post_tag","embeddable":true,"href":"https:\/\/blog.liesdoch.de\/index.php?rest_route=%2Fwp%2Fv2%2Ftags&post=7039"}],"curies":[{"name":"wp","href":"https:\/\/api.w.org\/{rel}","templated":true}]}}