{"id":7042,"date":"2019-01-22T11:10:24","date_gmt":"2019-01-22T09:10:24","guid":{"rendered":"http:\/\/blog.liesdoch.de\/?p=7042"},"modified":"2019-01-22T11:10:24","modified_gmt":"2019-01-22T09:10:24","slug":"die-stramme-helene","status":"publish","type":"post","link":"https:\/\/blog.liesdoch.de\/?p=7042","title":{"rendered":"Die stramme Helene"},"content":{"rendered":"<p>&nbsp;<\/p>\n<p>&nbsp;<\/p>\n<p>&nbsp;<\/p>\n<p><a href=\"http:\/\/blog.liesdoch.de\/wp-content\/uploads\/2019\/01\/52665996n.jpg\"><img loading=\"lazy\" decoding=\"async\" class=\"alignnone size-medium wp-image-7043\" src=\"http:\/\/blog.liesdoch.de\/wp-content\/uploads\/2019\/01\/52665996n-213x300.jpg\" alt=\"\" width=\"213\" height=\"300\" srcset=\"https:\/\/blog.liesdoch.de\/wp-content\/uploads\/2019\/01\/52665996n-213x300.jpg 213w, https:\/\/blog.liesdoch.de\/wp-content\/uploads\/2019\/01\/52665996n.jpg 242w\" sizes=\"auto, (max-width: 213px) 100vw, 213px\" \/><\/a><\/p>\n<p>Steffen Herbold, Die stramme Helene, Kunstanstifter 2018, ISBN 978-3-942795-68-5<\/p>\n<p>&nbsp;<\/p>\n<p>\u201eGeschichten sind aus Resten von Erinnerungen. Das Wahre und das Falsche, das Sichere und die Spekulation, das eigene Ged\u00e4chtnis und das Ged\u00e4chtnis anderer, Blickwinkel und Sichtweisen. Der Erz\u00e4hler versucht, all das zu einem plausiblen ganzen zusammenzusetzen\u2026 So k\u00f6nnte es gewesen sein.\u201c<\/p>\n<p>&nbsp;<\/p>\n<p>So beschreibt der Autor der vorliegenden Geschichte aus den sechziger Jahren des vergangenen Jahrhundert, Steffen Herbold den literaturtheoretischen Hintergrund seines Buches.<\/p>\n<p>In \u201eDie stramme Helene\u201c erz\u00e4hlt er, von Martin Burkhardt beeindruckend illustriert, die Geschichte einer starken Arbeiterfrau. Jahrelang in einer regelrechten Eheh\u00f6lle unter ihrem Mann\u00a0 leidend, schafft sie es an einem schicksalhaften Nachmittag im Fr\u00fchjahr 1965 aus dieser H\u00f6lle zu entkommen. Vorher hat sie sich, gepr\u00e4gt von Krieg und Nachkriegszeit, durch die dumpfe Fr\u00f6hlichkeit der fr\u00fchen Sechziger und die leidvolle Beziehung zu ihrem Mann laviert, bis es ihr gelingt, sich ihr eigenes St\u00fcck Freiheit zu schaffen.<\/p>\n<p>&nbsp;<\/p>\n<p>Diese fiktive Erz\u00e4hlung beruht auf tats\u00e4chlichen Begebenheiten und kann Kindern ab dem Grundschulalter einen lebendigen Eindruck der Lebensverh\u00e4ltnisse einer einfachen Frau in den sechziger Jahren des 20. Jahrhunderts geben.<\/p>\n<p>&nbsp;<\/p>\n<p>Ein sehr au\u00dfergew\u00f6hnliches Kinderbuch, wie man sie aber mittlerweile aus dem Kunstanstifter Verlag schon gew\u00f6hnt ist.<br \/>\n&nbsp;<\/p>\n<p>&nbsp;<\/p>\n","protected":false},"excerpt":{"rendered":"<p>&nbsp; &nbsp; &nbsp; Steffen Herbold, Die stramme Helene, Kunstanstifter 2018, ISBN 978-3-942795-68-5 &nbsp; \u201eGeschichten sind aus Resten von Erinnerungen. Das Wahre und das Falsche, das Sichere und die Spekulation, das eigene Ged\u00e4chtnis und das Ged\u00e4chtnis anderer, Blickwinkel und Sichtweisen. Der Erz\u00e4hler versucht, all das zu einem plausiblen ganzen zusammenzusetzen\u2026 So k\u00f6nnte es gewesen sein.\u201c &nbsp; &hellip; <a href=\"https:\/\/blog.liesdoch.de\/?p=7042\" class=\"more-link\"><span class=\"screen-reader-text\">Die stramme Helene<\/span> weiterlesen <span class=\"meta-nav\">&rarr;<\/span><\/a><\/p>\n","protected":false},"author":6,"featured_media":0,"comment_status":"closed","ping_status":"open","sticky":false,"template":"","format":"standard","meta":{"footnotes":""},"categories":[1],"tags":[],"class_list":["post-7042","post","type-post","status-publish","format-standard","hentry","category-allgemein"],"_links":{"self":[{"href":"https:\/\/blog.liesdoch.de\/index.php?rest_route=\/wp\/v2\/posts\/7042","targetHints":{"allow":["GET"]}}],"collection":[{"href":"https:\/\/blog.liesdoch.de\/index.php?rest_route=\/wp\/v2\/posts"}],"about":[{"href":"https:\/\/blog.liesdoch.de\/index.php?rest_route=\/wp\/v2\/types\/post"}],"author":[{"embeddable":true,"href":"https:\/\/blog.liesdoch.de\/index.php?rest_route=\/wp\/v2\/users\/6"}],"replies":[{"embeddable":true,"href":"https:\/\/blog.liesdoch.de\/index.php?rest_route=%2Fwp%2Fv2%2Fcomments&post=7042"}],"version-history":[{"count":1,"href":"https:\/\/blog.liesdoch.de\/index.php?rest_route=\/wp\/v2\/posts\/7042\/revisions"}],"predecessor-version":[{"id":7044,"href":"https:\/\/blog.liesdoch.de\/index.php?rest_route=\/wp\/v2\/posts\/7042\/revisions\/7044"}],"wp:attachment":[{"href":"https:\/\/blog.liesdoch.de\/index.php?rest_route=%2Fwp%2Fv2%2Fmedia&parent=7042"}],"wp:term":[{"taxonomy":"category","embeddable":true,"href":"https:\/\/blog.liesdoch.de\/index.php?rest_route=%2Fwp%2Fv2%2Fcategories&post=7042"},{"taxonomy":"post_tag","embeddable":true,"href":"https:\/\/blog.liesdoch.de\/index.php?rest_route=%2Fwp%2Fv2%2Ftags&post=7042"}],"curies":[{"name":"wp","href":"https:\/\/api.w.org\/{rel}","templated":true}]}}