{"id":7045,"date":"2019-01-22T11:10:57","date_gmt":"2019-01-22T09:10:57","guid":{"rendered":"http:\/\/blog.liesdoch.de\/?p=7045"},"modified":"2019-01-22T11:10:57","modified_gmt":"2019-01-22T09:10:57","slug":"die-gluecksreisenden","status":"publish","type":"post","link":"https:\/\/blog.liesdoch.de\/?p=7045","title":{"rendered":"Die Gl\u00fccksreisenden"},"content":{"rendered":"<p>&nbsp;<\/p>\n<p>&nbsp;<\/p>\n<p>&nbsp;<\/p>\n<p>&nbsp;<\/p>\n<p><a href=\"http:\/\/blog.liesdoch.de\/wp-content\/uploads\/2019\/01\/52470063n.jpg\"><img loading=\"lazy\" decoding=\"async\" class=\"alignnone size-medium wp-image-7046\" src=\"http:\/\/blog.liesdoch.de\/wp-content\/uploads\/2019\/01\/52470063n-193x300.jpg\" alt=\"\" width=\"193\" height=\"300\" srcset=\"https:\/\/blog.liesdoch.de\/wp-content\/uploads\/2019\/01\/52470063n-193x300.jpg 193w, https:\/\/blog.liesdoch.de\/wp-content\/uploads\/2019\/01\/52470063n.jpg 242w\" sizes=\"auto, (max-width: 193px) 100vw, 193px\" \/><\/a><\/p>\n<p>Sybil Volks, Die Gl\u00fccksreisenden, DTV 2018, ISBN 978-3-423-26203-3<\/p>\n<p>&nbsp;<\/p>\n<p>Kann man sein eigenes Gl\u00fcckes Schied sein? Oder muss man warten, bis es einem zuf\u00e4llt, oder auch nicht?<\/p>\n<p>In ihrem hier vorliegenden Buch erz\u00e4hlt die Schriftstellerin Sybil Volks davon und setzt die mit dem Roman \u201eWinterg\u00e4ste\u201c begonnene Geschichte der Familie Boysen auf unterhaltsame Weise fort. Zu Beginn steht Inge Boysen Feier zu ihrem 80. Geburtstag an, den sie gleichzeitig mit ihrer Enkelin Inka feiern will, die vollj\u00e4hrig wird. Neben zahlreichem Besuch hat sich auch ein Komet angek\u00fcndigt, der an diesem tag auf die Erde st\u00fcrzen soll.<\/p>\n<p>Alle Familienmitglieder bereiten sich auf das Fest vor und suchen nach ihrem ganz besonderen Gl\u00fcck, das gar nicht so einfach zu finden scheint. Bald schon ist das Haus Tide wieder Ort zahlreicher Konflikte, kein Wunder, wenn drei Generationen und viele unterschiedliche Erwartungen aufeinandertreffen. Einige der Fragen, die im ersten Buch \u00fcber die Familie beschrieben wurden, sind nach wie vor aktuelle, aber wie wir sehen werden, stellen sich auch viele neue.<\/p>\n<p>&nbsp;<\/p>\n<p>Mit hoher Spracheleganz und Humor und stellenweise sehr poetisch erz\u00e4hlt Sybil Volks wie es it der immer sehr emotionalen Geschichte der Familie Boysen weitergeht. Man muss den ersten Band nicht kennen, um \u201eDie Gl\u00fccksreisenden\u201c zu genie\u00dfen.<\/p>\n<p>&nbsp;<\/p>\n<p>Angenehme literarische Unterhaltung vom Besten.<\/p>\n<p>&nbsp;<\/p>\n<p>&nbsp;<\/p>\n<p>&nbsp;<\/p>\n","protected":false},"excerpt":{"rendered":"<p>&nbsp; &nbsp; &nbsp; &nbsp; Sybil Volks, Die Gl\u00fccksreisenden, DTV 2018, ISBN 978-3-423-26203-3 &nbsp; Kann man sein eigenes Gl\u00fcckes Schied sein? Oder muss man warten, bis es einem zuf\u00e4llt, oder auch nicht? In ihrem hier vorliegenden Buch erz\u00e4hlt die Schriftstellerin Sybil Volks davon und setzt die mit dem Roman \u201eWinterg\u00e4ste\u201c begonnene Geschichte der Familie Boysen auf &hellip; <a href=\"https:\/\/blog.liesdoch.de\/?p=7045\" class=\"more-link\"><span class=\"screen-reader-text\">Die Gl\u00fccksreisenden<\/span> weiterlesen <span class=\"meta-nav\">&rarr;<\/span><\/a><\/p>\n","protected":false},"author":6,"featured_media":0,"comment_status":"closed","ping_status":"open","sticky":false,"template":"","format":"standard","meta":{"footnotes":""},"categories":[1],"tags":[],"class_list":["post-7045","post","type-post","status-publish","format-standard","hentry","category-allgemein"],"_links":{"self":[{"href":"https:\/\/blog.liesdoch.de\/index.php?rest_route=\/wp\/v2\/posts\/7045","targetHints":{"allow":["GET"]}}],"collection":[{"href":"https:\/\/blog.liesdoch.de\/index.php?rest_route=\/wp\/v2\/posts"}],"about":[{"href":"https:\/\/blog.liesdoch.de\/index.php?rest_route=\/wp\/v2\/types\/post"}],"author":[{"embeddable":true,"href":"https:\/\/blog.liesdoch.de\/index.php?rest_route=\/wp\/v2\/users\/6"}],"replies":[{"embeddable":true,"href":"https:\/\/blog.liesdoch.de\/index.php?rest_route=%2Fwp%2Fv2%2Fcomments&post=7045"}],"version-history":[{"count":1,"href":"https:\/\/blog.liesdoch.de\/index.php?rest_route=\/wp\/v2\/posts\/7045\/revisions"}],"predecessor-version":[{"id":7047,"href":"https:\/\/blog.liesdoch.de\/index.php?rest_route=\/wp\/v2\/posts\/7045\/revisions\/7047"}],"wp:attachment":[{"href":"https:\/\/blog.liesdoch.de\/index.php?rest_route=%2Fwp%2Fv2%2Fmedia&parent=7045"}],"wp:term":[{"taxonomy":"category","embeddable":true,"href":"https:\/\/blog.liesdoch.de\/index.php?rest_route=%2Fwp%2Fv2%2Fcategories&post=7045"},{"taxonomy":"post_tag","embeddable":true,"href":"https:\/\/blog.liesdoch.de\/index.php?rest_route=%2Fwp%2Fv2%2Ftags&post=7045"}],"curies":[{"name":"wp","href":"https:\/\/api.w.org\/{rel}","templated":true}]}}