{"id":7056,"date":"2019-01-23T12:09:04","date_gmt":"2019-01-23T10:09:04","guid":{"rendered":"http:\/\/blog.liesdoch.de\/?p=7056"},"modified":"2019-01-23T12:09:04","modified_gmt":"2019-01-23T10:09:04","slug":"das-jahr-in-dem-ich-luegen-lernte-2","status":"publish","type":"post","link":"https:\/\/blog.liesdoch.de\/?p=7056","title":{"rendered":"Das Jahr, in dem ich l\u00fcgen lernte"},"content":{"rendered":"<p>&nbsp;<\/p>\n<p>&nbsp;<\/p>\n<p>&nbsp;<\/p>\n<p>&nbsp;<\/p>\n<p>&nbsp;<\/p>\n<p>&nbsp;<\/p>\n<p><a href=\"http:\/\/blog.liesdoch.de\/wp-content\/uploads\/2019\/01\/52472498n.jpg\"><img loading=\"lazy\" decoding=\"async\" class=\"alignnone size-medium wp-image-7057\" src=\"http:\/\/blog.liesdoch.de\/wp-content\/uploads\/2019\/01\/52472498n-189x300.jpg\" alt=\"\" width=\"189\" height=\"300\" srcset=\"https:\/\/blog.liesdoch.de\/wp-content\/uploads\/2019\/01\/52472498n-189x300.jpg 189w, https:\/\/blog.liesdoch.de\/wp-content\/uploads\/2019\/01\/52472498n.jpg 242w\" sizes=\"auto, (max-width: 189px) 100vw, 189px\" \/><\/a><\/p>\n<p>Lauren Wolk, Das Jahr, in dem ich l\u00fcgen lernte,tb DTV 2018, ISBN 978-3-423-626927<\/p>\n<p>&nbsp;<\/p>\n<p>Annabelle, die in diesem Buch von dem \u201eJahr, in dem ich l\u00fcgen lernte\u201c erz\u00e4hlt, ist zum Zeitpunkt der Handlung, die sich vom Herbst 1943 an \u00fcber ein Jahr erstreckt, 12 Jahre alt. Sie lebt in einem kleinen, beschaulichen Dorf in Pennsylvania. Sie hat zwei kleinere Br\u00fcder, Henry (9) und James (7), auf die sie oft aufpassen muss und mit denen sie jeden Tag zusammen den Weg durch die Wolfsschlucht in die Schule geht. Der Vater ist Farmer, die Mutter k\u00fcmmert sich zusammen mit den Gro\u00dfeltern um den Haushalt. Eine ledige Tante namens Lily betreibt die Poststelle im Ort und wird von der Familie trotz ihrer oft rigiden Ansichten wohlwollend toleriert.\u00a0 Das Leben ist einfach dort, aber es fehlt ihnen an nichts. Die Gemeinschaft im Dorf funktioniert. Seit die USA gegen Nazideutschland in den Krieg gezogen sind, h\u00e4ngt aber eine unsichere Stimmung auch \u00fcber dieser l\u00e4ndlichen Gemeinschaft und der schon seit Jahrzehnten dort lebende Deutsche Mr. Anselm sieht sich immer wieder Anfeindungen ausgesetzt.<\/p>\n<p>&nbsp;<\/p>\n<p>F\u00fcr Annabelle \u00e4ndert sich ihr Leben schlagartig, als mit Betty ein schwererziehbares M\u00e4dchen auf den benachbarten Hof ihrer Gro\u00dfeltern zieht, weil ihre Mutter nicht mehr mit ihr klar kommt, nachdem der Vater verschwunden ist. Betty beginnt sofort Annabelle zu bedrohen und versucht sie einzusch\u00fcchtern. In der Schule ist eine bei \u00fcber 40 Sch\u00fclern in einer Klasse \u00fcberforderte Lehrerin nicht in der Lage, der Aufs\u00e4ssigkeit von Betty Einhalt zu gebieten. Alle sind froh, wenn sie und der Bauerssohn Andy, mit dem sie sich angefreundet hat, nicht in die Schule kommen.<\/p>\n<p>&nbsp;<\/p>\n<p>In der N\u00e4he der Wolfsschlucht, wo Betty Annabelle regelm\u00e4\u00dfig auflauert, lebt der Einsiedler Toby in einer alten H\u00fctte.\u00a0 Er spricht nicht viel, aber sieht alles, was in der Umgebung geschieht. So wird er auch Zeuge mehrerer schlimmer Vergehen, die Betty in der Folgezeit begeht. Annabelle und ihre Mutter unterst\u00fctzen den ehemaligen Soldaten Toby, der im Ersten Weltkrieg in Frankreich Uns\u00e4gliches erlebt hat und seitdem mit seiner Schuld k\u00e4mpft, immer wieder mit Kleidung und Essen.<\/p>\n<p>&nbsp;<\/p>\n<p>Schnell jedoch ger\u00e4t Toby in Verdacht, jenen Stein geworfen zu haben, der Mr. Anselm galt, aber Annabelles Schulfreundin Ruth traf und ihr ein Auge gekostet hat.<\/p>\n<p>&nbsp;<\/p>\n<p>Annabelle k\u00e4mpft mit sich und ihrer Angst. Erst recht, als Toby, mit dem sie sich angefreundet hat und der ihr von seinem Kriegserlebnissen erz\u00e4hlt hat, in Verdacht ger\u00e4t und gejagt wird. Ein Gedanke gibt ihr Kraft:<\/p>\n<p>\u201eWenn mein Leben nicht mehr war als eine einzige Note in einer endlosen Sinfonie, musste ich dann nicht diesen einen Ton so lang und so laut spielen, wie ich konnte?\u201c<\/p>\n<p>&nbsp;<\/p>\n<p>Sie versteckt Toby, offenbart sich schlie\u00dflich ihren Eltern und diese wunderbaren Menschen mit ihrer klaren Lebenshaltung von Recht und Gerechtigkeit, glauben ihr und unterst\u00fctzen sie.<\/p>\n<p>Betty macht Erfahrungen von Mitmenschlichkeit und Zivilcourage, die sie ein Leben lang nicht vergessen wird.<\/p>\n<p>&nbsp;<\/p>\n<p>Lauren Wolks erster Roman bei Hanser der nun in der Reihe Hanser bei DTV erschienen ist ein Jugendroman, der menschliche Schw\u00e4chen schonungslos beschreibt. Ein Roman, der erz\u00e4hlt vom Band der Freundschaft \u00fcber alle Widerst\u00e4nde hinweg, von Solidarit\u00e4t, von Gerechtigkeit und von der Bindungskraft einer Familie, in der sich Erwachsene und\u00a0 Kinder ernst nehmen und achten.<\/p>\n<p>&nbsp;<\/p>\n","protected":false},"excerpt":{"rendered":"<p>&nbsp; &nbsp; &nbsp; &nbsp; &nbsp; &nbsp; Lauren Wolk, Das Jahr, in dem ich l\u00fcgen lernte,tb DTV 2018, ISBN 978-3-423-626927 &nbsp; Annabelle, die in diesem Buch von dem \u201eJahr, in dem ich l\u00fcgen lernte\u201c erz\u00e4hlt, ist zum Zeitpunkt der Handlung, die sich vom Herbst 1943 an \u00fcber ein Jahr erstreckt, 12 Jahre alt. Sie lebt in &hellip; <a href=\"https:\/\/blog.liesdoch.de\/?p=7056\" class=\"more-link\"><span class=\"screen-reader-text\">Das Jahr, in dem ich l\u00fcgen lernte<\/span> weiterlesen <span class=\"meta-nav\">&rarr;<\/span><\/a><\/p>\n","protected":false},"author":6,"featured_media":0,"comment_status":"closed","ping_status":"open","sticky":false,"template":"","format":"standard","meta":{"footnotes":""},"categories":[1],"tags":[],"class_list":["post-7056","post","type-post","status-publish","format-standard","hentry","category-allgemein"],"_links":{"self":[{"href":"https:\/\/blog.liesdoch.de\/index.php?rest_route=\/wp\/v2\/posts\/7056","targetHints":{"allow":["GET"]}}],"collection":[{"href":"https:\/\/blog.liesdoch.de\/index.php?rest_route=\/wp\/v2\/posts"}],"about":[{"href":"https:\/\/blog.liesdoch.de\/index.php?rest_route=\/wp\/v2\/types\/post"}],"author":[{"embeddable":true,"href":"https:\/\/blog.liesdoch.de\/index.php?rest_route=\/wp\/v2\/users\/6"}],"replies":[{"embeddable":true,"href":"https:\/\/blog.liesdoch.de\/index.php?rest_route=%2Fwp%2Fv2%2Fcomments&post=7056"}],"version-history":[{"count":1,"href":"https:\/\/blog.liesdoch.de\/index.php?rest_route=\/wp\/v2\/posts\/7056\/revisions"}],"predecessor-version":[{"id":7058,"href":"https:\/\/blog.liesdoch.de\/index.php?rest_route=\/wp\/v2\/posts\/7056\/revisions\/7058"}],"wp:attachment":[{"href":"https:\/\/blog.liesdoch.de\/index.php?rest_route=%2Fwp%2Fv2%2Fmedia&parent=7056"}],"wp:term":[{"taxonomy":"category","embeddable":true,"href":"https:\/\/blog.liesdoch.de\/index.php?rest_route=%2Fwp%2Fv2%2Fcategories&post=7056"},{"taxonomy":"post_tag","embeddable":true,"href":"https:\/\/blog.liesdoch.de\/index.php?rest_route=%2Fwp%2Fv2%2Ftags&post=7056"}],"curies":[{"name":"wp","href":"https:\/\/api.w.org\/{rel}","templated":true}]}}