{"id":7062,"date":"2019-01-23T12:10:31","date_gmt":"2019-01-23T10:10:31","guid":{"rendered":"http:\/\/blog.liesdoch.de\/?p=7062"},"modified":"2019-01-23T12:10:31","modified_gmt":"2019-01-23T10:10:31","slug":"kompass-ohne-norden","status":"publish","type":"post","link":"https:\/\/blog.liesdoch.de\/?p=7062","title":{"rendered":"Kompass ohne Norden"},"content":{"rendered":"<p>&nbsp;<\/p>\n<p>&nbsp;<\/p>\n<p><a href=\"http:\/\/blog.liesdoch.de\/wp-content\/uploads\/2019\/01\/52360318n.jpg\"><img loading=\"lazy\" decoding=\"async\" class=\"alignnone size-medium wp-image-7063\" src=\"http:\/\/blog.liesdoch.de\/wp-content\/uploads\/2019\/01\/52360318n-196x300.jpg\" alt=\"\" width=\"196\" height=\"300\" srcset=\"https:\/\/blog.liesdoch.de\/wp-content\/uploads\/2019\/01\/52360318n-196x300.jpg 196w, https:\/\/blog.liesdoch.de\/wp-content\/uploads\/2019\/01\/52360318n.jpg 242w\" sizes=\"auto, (max-width: 196px) 100vw, 196px\" \/><\/a><\/p>\n<p>Neal Shusterman, Kompass ohne Norden, Hanser 2018, ISBN 978-3-446-26046-7<\/p>\n<p>&nbsp;<\/p>\n<p>Das neue Buch von Neal Shusterman ist der anspruchsvolle und gelungene Versuch, sich mittels einer Geschichte eines Jungen, die stark inspiriert ist von den Krankheitserfahrungen mit seinem eigenen Sohn Brendan, der r\u00e4tselhaften Krankheit Schizophrenie zu n\u00e4hern.<\/p>\n<p>Er tut das mit seiner Hauptfigur Caden, der sich f\u00fcr einen ganz normalen Jungen h\u00e4lt. Doch sein Verstand lehrt ihm zunehmend etwas anderes. Dieser kranke Verstand f\u00fchrt ihn auf fantastische Reisen. Er ist dann auf einem Schiff mit einem Kapit\u00e4n und Bootsleuten, von denen jeder in seiner krankhaften Fantasie eine bestimmte Rolle hat. \u00a0Das Schiff ist uralt und seine unz\u00e4hligen Fahrten, unter anderem zum Marianengraben, dem tiefsten Punkt der Erde, reichen zur\u00fcck bis in eine finstere Vergangenheit.<\/p>\n<p>&nbsp;<\/p>\n<p>In der Realit\u00e4t, in seinem allt\u00e4glichen Leben, werden ganz normale Gegenst\u00e4nde wie ein Gartenschlauch pl\u00f6tzlich zu einer t\u00f6dlichen Gefahr. Irgendwann, kurz bevor er in eine Klinik kommt und eine lange Behandlung beginnt, die ihm Besserung bringt, wird Caden klar:<\/p>\n<p>\u201eIn den Tagen der Bibel h\u00e4tte ich als Prophet gegolten. Bei einem Naturvolk w\u00fcrde ich als Medizinmann gefeiert. Im finsteren Mittelalter h\u00e4tten meine Eltern nach einem Exorzisten geschickt, und im viktorianischen England w\u00e4re ich in einer dieser schrecklichen Irrenanstalten gelandet. Heute hat man viel besser Aussichten auf eine vern\u00fcnftige Behandlung, aber ich w\u00fcrde lieber wie ein Prophet behandelt als wie ein armer, kranker Junge.\u201c<\/p>\n<p>&nbsp;<\/p>\n<p>Zun\u00e4chst ist der Einstieg in dieses Buch und in die Gedanken- und Bilderwelt des an Schizophrenie\u00a0 erkrankten Caden schwer zu lesen und zu verstehen. Shustermans Sohn Brendan, der selbst an dieser Krankheit litt und wieder \u201esein St\u00fcck Himmel gefunden und strahlend aus der Tiefe entronnen\u201c ist, hat die zun\u00e4chst wirre Gedankenwelt mit seinen Skizzen das ganze Buch hindurch illustriert, eine ganz besondere Form der Kunst. Auch Teile aus Gedichten Brendans sind in das von vielen pers\u00f6nlich gemachten Erfahrungen des Autors durchtr\u00e4nkte Buch geflossen.<\/p>\n<p>Hat man sich aber einmal durchgek\u00e4mpft, wird es besser, zumal nach Beginn der Behandlung Cadens in der Klinik seine Gedanken langsam klarer werden.<\/p>\n<p>Es ist eine abenteuerliche Reise in die Tiefen einer jugendlichen Seele, be\u00e4ngstigend und wohltuend einf\u00fchlsam gleicherma\u00dfen.<\/p>\n<p>&nbsp;<\/p>\n<p>Das Buch wirkt lange nach und bewirkt ein etwas gr\u00f6\u00dferes Verst\u00e4ndnis einer eigentlich unverst\u00e4ndlichen Erkrankung der menschlichen Seele, die letztlich nicht heilbar, aber gut behandelbar ist.<\/p>\n<p>Es ist mit dem National Book Award 2015 ausgezeichnet worden und Jugendlichen ab 14 Jahren, aber auch allen Erwachsenen zu empfehlen.<\/p>\n<p>&nbsp;<\/p>\n<p>&nbsp;<\/p>\n<p>&nbsp;<\/p>\n","protected":false},"excerpt":{"rendered":"<p>&nbsp; &nbsp; Neal Shusterman, Kompass ohne Norden, Hanser 2018, ISBN 978-3-446-26046-7 &nbsp; Das neue Buch von Neal Shusterman ist der anspruchsvolle und gelungene Versuch, sich mittels einer Geschichte eines Jungen, die stark inspiriert ist von den Krankheitserfahrungen mit seinem eigenen Sohn Brendan, der r\u00e4tselhaften Krankheit Schizophrenie zu n\u00e4hern. Er tut das mit seiner Hauptfigur Caden, &hellip; <a href=\"https:\/\/blog.liesdoch.de\/?p=7062\" class=\"more-link\"><span class=\"screen-reader-text\">Kompass ohne Norden<\/span> weiterlesen <span class=\"meta-nav\">&rarr;<\/span><\/a><\/p>\n","protected":false},"author":6,"featured_media":0,"comment_status":"closed","ping_status":"open","sticky":false,"template":"","format":"standard","meta":{"footnotes":""},"categories":[1],"tags":[],"class_list":["post-7062","post","type-post","status-publish","format-standard","hentry","category-allgemein"],"_links":{"self":[{"href":"https:\/\/blog.liesdoch.de\/index.php?rest_route=\/wp\/v2\/posts\/7062","targetHints":{"allow":["GET"]}}],"collection":[{"href":"https:\/\/blog.liesdoch.de\/index.php?rest_route=\/wp\/v2\/posts"}],"about":[{"href":"https:\/\/blog.liesdoch.de\/index.php?rest_route=\/wp\/v2\/types\/post"}],"author":[{"embeddable":true,"href":"https:\/\/blog.liesdoch.de\/index.php?rest_route=\/wp\/v2\/users\/6"}],"replies":[{"embeddable":true,"href":"https:\/\/blog.liesdoch.de\/index.php?rest_route=%2Fwp%2Fv2%2Fcomments&post=7062"}],"version-history":[{"count":1,"href":"https:\/\/blog.liesdoch.de\/index.php?rest_route=\/wp\/v2\/posts\/7062\/revisions"}],"predecessor-version":[{"id":7064,"href":"https:\/\/blog.liesdoch.de\/index.php?rest_route=\/wp\/v2\/posts\/7062\/revisions\/7064"}],"wp:attachment":[{"href":"https:\/\/blog.liesdoch.de\/index.php?rest_route=%2Fwp%2Fv2%2Fmedia&parent=7062"}],"wp:term":[{"taxonomy":"category","embeddable":true,"href":"https:\/\/blog.liesdoch.de\/index.php?rest_route=%2Fwp%2Fv2%2Fcategories&post=7062"},{"taxonomy":"post_tag","embeddable":true,"href":"https:\/\/blog.liesdoch.de\/index.php?rest_route=%2Fwp%2Fv2%2Ftags&post=7062"}],"curies":[{"name":"wp","href":"https:\/\/api.w.org\/{rel}","templated":true}]}}