{"id":7072,"date":"2019-01-25T14:32:10","date_gmt":"2019-01-25T12:32:10","guid":{"rendered":"http:\/\/blog.liesdoch.de\/?p=7072"},"modified":"2019-01-25T14:32:10","modified_gmt":"2019-01-25T12:32:10","slug":"sozialdemokratie-wagen-neue-politik-fuer-deutschland-und-die-spd","status":"publish","type":"post","link":"https:\/\/blog.liesdoch.de\/?p=7072","title":{"rendered":"Sozialdemokratie wagen. Neue Politik f\u00fcr Deutschland und die SPD"},"content":{"rendered":"<p>&nbsp;<\/p>\n<p><a href=\"http:\/\/blog.liesdoch.de\/wp-content\/uploads\/2019\/01\/54134952n.jpg\"><img loading=\"lazy\" decoding=\"async\" class=\"alignnone size-medium wp-image-7073\" src=\"http:\/\/blog.liesdoch.de\/wp-content\/uploads\/2019\/01\/54134952n-189x300.jpg\" alt=\"\" width=\"189\" height=\"300\" srcset=\"https:\/\/blog.liesdoch.de\/wp-content\/uploads\/2019\/01\/54134952n-189x300.jpg 189w, https:\/\/blog.liesdoch.de\/wp-content\/uploads\/2019\/01\/54134952n.jpg 242w\" sizes=\"auto, (max-width: 189px) 100vw, 189px\" \/><\/a><\/p>\n<p>Simone Lange, Sozialdemokratie wagen. Neue Politik f\u00fcr Deutschland und die SPD, Plassen Verlag 2018, ISBN 978-3-86470-611-0<\/p>\n<p>&nbsp;<\/p>\n<p>Wir erinnern uns: Simone Lange, im Rest Deutschlands recht unbekannte Oberb\u00fcrgermeisterin von Flensburg in Schleswig-Holstein, kandidiert mutig am 22. April 2018 auf dem Bundesparteitag gegen Andrea Nahles und holt als Newcomerin und Au\u00dfenseiterin\u00a0 aus dem Stand 28 %. Wieviel davon ihrer engagierten Vorstellungsrede geschuldet war oder dem tiefsitzenden Frust der Delegierten \u00fcber die Parteif\u00fchrung konnte schon damals nicht \u00fcberzeugend beantwortet werden.<\/p>\n<p>Seit dieser Zeit ist die SPD in den Umfragen weiter abgest\u00fcrzt und befindet sich wenige Monate vor den Europawahlen kurz vor dem parteihistorischen Abgrund.<\/p>\n<p>Simone Lange war seit dieser Zeit etliche Male Gast in Talkshows und manche haben sich gefragt,\u00a0 was ihre pers\u00f6nlichen Pl\u00e4ne im Zusammenhang mit der SPD sind.<\/p>\n<p>&nbsp;<\/p>\n<p>In dem vorliegenden Buch verr\u00e4t sie dar\u00fcber nichts, wohl aber beschreibt sie ausf\u00fchrlich und authentisch, wof\u00fcr sie steht und welchen Weg aus der Krise sie sich f\u00fcr ihre Partei vorstellt.<\/p>\n<p>Offen, ehrlich und konsequent benennt sie die Fehler, die der SPD den Status Volkspartei und das Vertrauen der B\u00fcrger geraubt haben, darunter nicht zuletzt die Agenda 2010. Sie setzt ihre eigene, ziemlich linke Agenda f\u00fcr eine menschliche Politik, eine sozialdemokratische Erneuerung und eine Reform der politischen Mechanismen in diesem Land.<\/p>\n<p>&nbsp;<\/p>\n<p>Nach der Lekt\u00fcre dieses durchaus erfrischenden Buches bin ich mehr denn je davon \u00fcberzeugt, dass eine Erneuerung der SPD nicht m\u00f6glich sein wird, solange sie mit der CDU eine Regierung bildet. Ich rechne noch in diesem Jahr, sp\u00e4testens nach den Landtagswahlen in Ostdeutschland, mit einer grundlegenden Ver\u00e4nderung. Dann, da bin ich sicher, wird man auch von Simone Lange und ihren politischen Ideen wieder mehr h\u00f6ren.<\/p>\n<p>&nbsp;<\/p>\n<p>Das Buch ist f\u00fcr alle Menschen von Interesse, die sich f\u00fcr deutsche Politik und die SPD im Besonderen interessieren bzw. deren Herz daf\u00fcr schl\u00e4gt.<\/p>\n<p>&nbsp;<\/p>\n<p>&nbsp;<\/p>\n","protected":false},"excerpt":{"rendered":"<p>&nbsp; Simone Lange, Sozialdemokratie wagen. Neue Politik f\u00fcr Deutschland und die SPD, Plassen Verlag 2018, ISBN 978-3-86470-611-0 &nbsp; Wir erinnern uns: Simone Lange, im Rest Deutschlands recht unbekannte Oberb\u00fcrgermeisterin von Flensburg in Schleswig-Holstein, kandidiert mutig am 22. April 2018 auf dem Bundesparteitag gegen Andrea Nahles und holt als Newcomerin und Au\u00dfenseiterin\u00a0 aus dem Stand 28 &hellip; <a href=\"https:\/\/blog.liesdoch.de\/?p=7072\" class=\"more-link\"><span class=\"screen-reader-text\">Sozialdemokratie wagen. Neue Politik f\u00fcr Deutschland und die SPD<\/span> weiterlesen <span class=\"meta-nav\">&rarr;<\/span><\/a><\/p>\n","protected":false},"author":6,"featured_media":0,"comment_status":"closed","ping_status":"open","sticky":false,"template":"","format":"standard","meta":{"footnotes":""},"categories":[1],"tags":[],"class_list":["post-7072","post","type-post","status-publish","format-standard","hentry","category-allgemein"],"_links":{"self":[{"href":"https:\/\/blog.liesdoch.de\/index.php?rest_route=\/wp\/v2\/posts\/7072","targetHints":{"allow":["GET"]}}],"collection":[{"href":"https:\/\/blog.liesdoch.de\/index.php?rest_route=\/wp\/v2\/posts"}],"about":[{"href":"https:\/\/blog.liesdoch.de\/index.php?rest_route=\/wp\/v2\/types\/post"}],"author":[{"embeddable":true,"href":"https:\/\/blog.liesdoch.de\/index.php?rest_route=\/wp\/v2\/users\/6"}],"replies":[{"embeddable":true,"href":"https:\/\/blog.liesdoch.de\/index.php?rest_route=%2Fwp%2Fv2%2Fcomments&post=7072"}],"version-history":[{"count":1,"href":"https:\/\/blog.liesdoch.de\/index.php?rest_route=\/wp\/v2\/posts\/7072\/revisions"}],"predecessor-version":[{"id":7074,"href":"https:\/\/blog.liesdoch.de\/index.php?rest_route=\/wp\/v2\/posts\/7072\/revisions\/7074"}],"wp:attachment":[{"href":"https:\/\/blog.liesdoch.de\/index.php?rest_route=%2Fwp%2Fv2%2Fmedia&parent=7072"}],"wp:term":[{"taxonomy":"category","embeddable":true,"href":"https:\/\/blog.liesdoch.de\/index.php?rest_route=%2Fwp%2Fv2%2Fcategories&post=7072"},{"taxonomy":"post_tag","embeddable":true,"href":"https:\/\/blog.liesdoch.de\/index.php?rest_route=%2Fwp%2Fv2%2Ftags&post=7072"}],"curies":[{"name":"wp","href":"https:\/\/api.w.org\/{rel}","templated":true}]}}