{"id":7075,"date":"2019-01-25T14:33:26","date_gmt":"2019-01-25T12:33:26","guid":{"rendered":"http:\/\/blog.liesdoch.de\/?p=7075"},"modified":"2019-01-25T14:33:26","modified_gmt":"2019-01-25T12:33:26","slug":"rhetorik-die-kunst-der-rede-im-digitalen-zeitalter","status":"publish","type":"post","link":"https:\/\/blog.liesdoch.de\/?p=7075","title":{"rendered":"Rhetorik. Die Kunst der Rede im digitalen Zeitalter"},"content":{"rendered":"<p>&nbsp;<\/p>\n<p>&nbsp;<\/p>\n<p><a href=\"http:\/\/blog.liesdoch.de\/wp-content\/uploads\/2019\/01\/54577470n-1.jpg\"><img loading=\"lazy\" decoding=\"async\" class=\"alignnone size-medium wp-image-7077\" src=\"http:\/\/blog.liesdoch.de\/wp-content\/uploads\/2019\/01\/54577470n-1-189x300.jpg\" alt=\"\" width=\"189\" height=\"300\" srcset=\"https:\/\/blog.liesdoch.de\/wp-content\/uploads\/2019\/01\/54577470n-1-189x300.jpg 189w, https:\/\/blog.liesdoch.de\/wp-content\/uploads\/2019\/01\/54577470n-1.jpg 242w\" sizes=\"auto, (max-width: 189px) 100vw, 189px\" \/><\/a><\/p>\n<p>Michael Ehlers, Rhetorik. Die Kunst der Rede im digitalen Zeitalter, books4success 2018, ISBN 978-386470-625-7<\/p>\n<p>&nbsp;<\/p>\n<p>Wer m\u00f6chte das nicht k\u00f6nnen: professionell auftreten, wirkungsvoll \u00fcberzeugen und mit Worten f\u00fchren, egal ob im Beruf oder auch im ehrenamtlichen Engagement in Politik und Vereinen. Das vorliegende Standardwerk von Michael Ehlers beschreibt \u00fcberzeugend, wie man das lernen und \u00fcben kann. Denn die Rhetorik ist das wichtigste Instrument f\u00fcr jeden, der an seiner Wirkung arbeiten und seine Mitmenschen nachhaltig beeindrucken m\u00f6chte. Im digitalen Zeitalter hat sich unsere Kommunikation jedoch gravierend ver\u00e4ndert. Sie wurde schneller und vor allem manipulativer. Wie man in und mit diesen neuen Medien sich rhetorisch bewegt, darauf geht Ehlers im Unterschied zu etlichen klassischen Rhetorikb\u00fcchern ausf\u00fchrlich ein. Denn es gilt nach wie vor, dass wir unsere hochkomplexe Umwelt verstehen m\u00fcssen, um unsere Ziele kommunizieren zu k\u00f6nnen.<\/p>\n<p>&nbsp;<\/p>\n<p>Deshalb ist es die gr\u00f6\u00dfte Leistung dieses Buches, dass es die klassischen Regeln der Redekunst sozusagen in das digitale Zeitalter transferiert und \u00fcberzeugend nachweist, das gerade heute Rhetorik eine F\u00e4higkeit ist, die zu verstehen und zu beherrschen sich lohnt, f\u00fcr alle die ein Ziel erreichen wollen.<\/p>\n","protected":false},"excerpt":{"rendered":"<p>&nbsp; &nbsp; Michael Ehlers, Rhetorik. Die Kunst der Rede im digitalen Zeitalter, books4success 2018, ISBN 978-386470-625-7 &nbsp; Wer m\u00f6chte das nicht k\u00f6nnen: professionell auftreten, wirkungsvoll \u00fcberzeugen und mit Worten f\u00fchren, egal ob im Beruf oder auch im ehrenamtlichen Engagement in Politik und Vereinen. Das vorliegende Standardwerk von Michael Ehlers beschreibt \u00fcberzeugend, wie man das lernen &hellip; <a href=\"https:\/\/blog.liesdoch.de\/?p=7075\" class=\"more-link\"><span class=\"screen-reader-text\">Rhetorik. Die Kunst der Rede im digitalen Zeitalter<\/span> weiterlesen <span class=\"meta-nav\">&rarr;<\/span><\/a><\/p>\n","protected":false},"author":6,"featured_media":0,"comment_status":"closed","ping_status":"open","sticky":false,"template":"","format":"standard","meta":{"footnotes":""},"categories":[1],"tags":[],"class_list":["post-7075","post","type-post","status-publish","format-standard","hentry","category-allgemein"],"_links":{"self":[{"href":"https:\/\/blog.liesdoch.de\/index.php?rest_route=\/wp\/v2\/posts\/7075","targetHints":{"allow":["GET"]}}],"collection":[{"href":"https:\/\/blog.liesdoch.de\/index.php?rest_route=\/wp\/v2\/posts"}],"about":[{"href":"https:\/\/blog.liesdoch.de\/index.php?rest_route=\/wp\/v2\/types\/post"}],"author":[{"embeddable":true,"href":"https:\/\/blog.liesdoch.de\/index.php?rest_route=\/wp\/v2\/users\/6"}],"replies":[{"embeddable":true,"href":"https:\/\/blog.liesdoch.de\/index.php?rest_route=%2Fwp%2Fv2%2Fcomments&post=7075"}],"version-history":[{"count":1,"href":"https:\/\/blog.liesdoch.de\/index.php?rest_route=\/wp\/v2\/posts\/7075\/revisions"}],"predecessor-version":[{"id":7078,"href":"https:\/\/blog.liesdoch.de\/index.php?rest_route=\/wp\/v2\/posts\/7075\/revisions\/7078"}],"wp:attachment":[{"href":"https:\/\/blog.liesdoch.de\/index.php?rest_route=%2Fwp%2Fv2%2Fmedia&parent=7075"}],"wp:term":[{"taxonomy":"category","embeddable":true,"href":"https:\/\/blog.liesdoch.de\/index.php?rest_route=%2Fwp%2Fv2%2Fcategories&post=7075"},{"taxonomy":"post_tag","embeddable":true,"href":"https:\/\/blog.liesdoch.de\/index.php?rest_route=%2Fwp%2Fv2%2Ftags&post=7075"}],"curies":[{"name":"wp","href":"https:\/\/api.w.org\/{rel}","templated":true}]}}