{"id":7104,"date":"2019-01-29T09:22:28","date_gmt":"2019-01-29T07:22:28","guid":{"rendered":"http:\/\/blog.liesdoch.de\/?p=7104"},"modified":"2019-01-29T09:22:28","modified_gmt":"2019-01-29T07:22:28","slug":"alexander-von-humboldt-oder-die-sehnsucht-der-ferne","status":"publish","type":"post","link":"https:\/\/blog.liesdoch.de\/?p=7104","title":{"rendered":"Alexander von Humboldt oder Die Sehnsucht der Ferne"},"content":{"rendered":"<p>&nbsp;<\/p>\n<p>&nbsp;<\/p>\n<p>&nbsp;<\/p>\n<p><a href=\"http:\/\/blog.liesdoch.de\/wp-content\/uploads\/2019\/01\/52481324n.jpg\"><img loading=\"lazy\" decoding=\"async\" class=\"alignnone size-medium wp-image-7105\" src=\"http:\/\/blog.liesdoch.de\/wp-content\/uploads\/2019\/01\/52481324n-242x300.jpg\" alt=\"\" width=\"242\" height=\"300\" \/><\/a><\/p>\n<p>Volker Mehnert, Claudia Lieb, Alexander von Humboldt oder Die Sehnsucht der Ferne, Gerstenberg 2018, ISBN 978-3-8369-5999-5<\/p>\n<p>&nbsp;<\/p>\n<p>In diesem Jahr \u00a0j\u00e4hrt sich der Geburtstag des gro\u00dfen Wissenschaftlers, Naturforschers und Entdeckers Alexander von Humboldt zum 250. Mal. Aus diesem Anlass hat Volker Mehnert in diesem farbenpr\u00e4chtig mit sch\u00f6nen Illustrationen von Claudia Lieb versehenen Buch das Leben und die Reisen dieses damals ber\u00fchmtesten Wissenschaftlers nacherz\u00e4hlt.<\/p>\n<p>&nbsp;<\/p>\n<p>Kinder ab etwa 10 Jahren erfahren zun\u00e4chst etwas \u00fcber die Kindheit Alexanders und seines Bruders. Zitiert wird sein Satz, dass er schon fr\u00fch etwas in sich sp\u00fcrte, was er sp\u00e4ter als der gr\u00f6\u00dfte Reisende und Wissenschaftler seiner Zeit verwirklichte: &#8222;Ich hatte seit meiner ersten Jugend den gl\u00fchenden Wunsch nach einer Reise in entfernte L\u00e4nder.&#8220;<\/p>\n<p>&nbsp;<\/p>\n<p>&nbsp;<\/p>\n<p>Mit einer unvorstellbaren Reiselust, einem unstillbaren Wissensdurst \u00a0und einer Energie, die f\u00fcr zwei Leben gereicht h\u00e4tte, hat von Humboldt ein wunderbares Leben gelebt und viele Zeitgenossen wie Goethe und Darwin befl\u00fcgelt. Er war global vernetzt, wie man heute sagen w\u00fcrde,\u00a0 mit vielen Menschen und Politikern bekannt und gilt als der \u201ewahre Entdecker Amerikas\u201c.<\/p>\n<p>&nbsp;<\/p>\n<p>Das Buch nimmt seine jungen Leser mit auf seine unz\u00e4hligen Reisen, wobei die f\u00fcnfj\u00e4hrige Reise durch Lateinamerika einen Schwerpunkt bildet. Es ist wundervoll illustriert und macht seine Leser zu Humboldts Reisegef\u00e4hrten und l\u00e4sst uns mit ihm staunen \u00fcber das Netzwerk des Lebens.<\/p>\n<p>&nbsp;<\/p>\n<p>Sehr empfehlenswert.<\/p>\n<p>&nbsp;<\/p>\n<p>&nbsp;<\/p>\n<p>&nbsp;<\/p>\n<p>&nbsp;<\/p>\n<p>&nbsp;<\/p>\n","protected":false},"excerpt":{"rendered":"<p>&nbsp; &nbsp; &nbsp; Volker Mehnert, Claudia Lieb, Alexander von Humboldt oder Die Sehnsucht der Ferne, Gerstenberg 2018, ISBN 978-3-8369-5999-5 &nbsp; In diesem Jahr \u00a0j\u00e4hrt sich der Geburtstag des gro\u00dfen Wissenschaftlers, Naturforschers und Entdeckers Alexander von Humboldt zum 250. Mal. Aus diesem Anlass hat Volker Mehnert in diesem farbenpr\u00e4chtig mit sch\u00f6nen Illustrationen von Claudia Lieb versehenen &hellip; <a href=\"https:\/\/blog.liesdoch.de\/?p=7104\" class=\"more-link\"><span class=\"screen-reader-text\">Alexander von Humboldt oder Die Sehnsucht der Ferne<\/span> weiterlesen <span class=\"meta-nav\">&rarr;<\/span><\/a><\/p>\n","protected":false},"author":6,"featured_media":0,"comment_status":"closed","ping_status":"open","sticky":false,"template":"","format":"standard","meta":{"footnotes":""},"categories":[1],"tags":[],"class_list":["post-7104","post","type-post","status-publish","format-standard","hentry","category-allgemein"],"_links":{"self":[{"href":"https:\/\/blog.liesdoch.de\/index.php?rest_route=\/wp\/v2\/posts\/7104","targetHints":{"allow":["GET"]}}],"collection":[{"href":"https:\/\/blog.liesdoch.de\/index.php?rest_route=\/wp\/v2\/posts"}],"about":[{"href":"https:\/\/blog.liesdoch.de\/index.php?rest_route=\/wp\/v2\/types\/post"}],"author":[{"embeddable":true,"href":"https:\/\/blog.liesdoch.de\/index.php?rest_route=\/wp\/v2\/users\/6"}],"replies":[{"embeddable":true,"href":"https:\/\/blog.liesdoch.de\/index.php?rest_route=%2Fwp%2Fv2%2Fcomments&post=7104"}],"version-history":[{"count":1,"href":"https:\/\/blog.liesdoch.de\/index.php?rest_route=\/wp\/v2\/posts\/7104\/revisions"}],"predecessor-version":[{"id":7106,"href":"https:\/\/blog.liesdoch.de\/index.php?rest_route=\/wp\/v2\/posts\/7104\/revisions\/7106"}],"wp:attachment":[{"href":"https:\/\/blog.liesdoch.de\/index.php?rest_route=%2Fwp%2Fv2%2Fmedia&parent=7104"}],"wp:term":[{"taxonomy":"category","embeddable":true,"href":"https:\/\/blog.liesdoch.de\/index.php?rest_route=%2Fwp%2Fv2%2Fcategories&post=7104"},{"taxonomy":"post_tag","embeddable":true,"href":"https:\/\/blog.liesdoch.de\/index.php?rest_route=%2Fwp%2Fv2%2Ftags&post=7104"}],"curies":[{"name":"wp","href":"https:\/\/api.w.org\/{rel}","templated":true}]}}