{"id":7107,"date":"2019-01-29T09:23:07","date_gmt":"2019-01-29T07:23:07","guid":{"rendered":"http:\/\/blog.liesdoch.de\/?p=7107"},"modified":"2019-01-29T09:23:07","modified_gmt":"2019-01-29T07:23:07","slug":"mein-vater-die-dinge-und-der-tod","status":"publish","type":"post","link":"https:\/\/blog.liesdoch.de\/?p=7107","title":{"rendered":"Mein Vater, die Dinge und der Tod"},"content":{"rendered":"<p>&nbsp;<\/p>\n<p>&nbsp;<\/p>\n<p><a href=\"http:\/\/blog.liesdoch.de\/wp-content\/uploads\/2019\/01\/52487188n.jpg\"><img loading=\"lazy\" decoding=\"async\" class=\"alignnone size-medium wp-image-7108\" src=\"http:\/\/blog.liesdoch.de\/wp-content\/uploads\/2019\/01\/52487188n-193x300.jpg\" alt=\"\" width=\"193\" height=\"300\" srcset=\"https:\/\/blog.liesdoch.de\/wp-content\/uploads\/2019\/01\/52487188n-193x300.jpg 193w, https:\/\/blog.liesdoch.de\/wp-content\/uploads\/2019\/01\/52487188n.jpg 242w\" sizes=\"auto, (max-width: 193px) 100vw, 193px\" \/><\/a><\/p>\n<p>Rainer Moritz, Mein Vater, die Dinge und der Tod, Kunstmann Verlag 2019, ISBN 978-3-95614-257-4<\/p>\n<p>&nbsp;<\/p>\n<p>In den letzten Jahren haben B\u00fccher Konjunktur, in denen Frauen und M\u00e4nner, oft bekannte Autoren, sich nach dem Tod eines Elternteils erinnern, die Beziehung zu Vater oder Mutter reflektieren, sich so manches von der Seele schreiben und danach vielleicht besser weiterleben k\u00f6nnen, weil sie richtig Abschied genommen und alles, gerade auch das Schwere und Problematische losgelassen haben.<\/p>\n<p>Zuletzt hat die Schweizerin Cristina Karrer in ihrem bei Orell F\u00fcssli erschienenen Buch \u201eMeine Mutter, ihre Liebhaber und mein einsames Herz\u201c das auf eine bewegende und literarisch anspruchsvolle Weise getan. Bei l\u00e4ngerem Nachdenken erinnere ich jedoch auch in der Vergangenheit meines langen Leselebens viele B\u00fccher, die sich dem Vater oder der Mutter gen\u00e4hert haben. Unvergessen bleibt f\u00fcr mich das Buch des j\u00fcngst verstorbenen gro\u00dfen Peter H\u00e4rtling, in dem er unter dem Titel \u201eNachgetragene Liebe\u201c 1980 seinem l\u00e4ngst verstorbenen Vater ein literarisches Andenken widmete und f\u00fcr viele seiner literarischen Nachfolger Standards setzte.<\/p>\n<p>&nbsp;<\/p>\n<p>Als der Autor des vorliegenden Buches am 12. Februar 2015 in seinem B\u00fcro von seiner Mutter die telefonische Nachricht erh\u00e4lt, sein Vater sei gestorben, kann er erst nicht wirklich begreifen, was sie ihm da mitteilt. Die Bestattung ist lange vorbei, als er sich daran macht, seine Erinnerungen an seinen Vater niederzuschreiben, und sich auf diese Weise so etwas wie einem Begreifen zu n\u00e4hern.<\/p>\n<p>&nbsp;<\/p>\n<p>Es geht in seinem sehr pers\u00f6nlichen Buch nicht nur um Verlust und Trauer, sondern auch um die Geschichte einer Generation der jetzt etwa Sechzigj\u00e4hrigen und ihre Beziehung zu ihren Eltern. Und es geht darum, wie wir uns eigentlich erinnern:<\/p>\n<p>\u201eEin Mensch lebt so lange, wie sich andere an ihn erinnern. Vielleicht denke ich deshalb h\u00e4ufiger an meinen Vater als zu seinen Lebzeiten. Weil die Selbstverst\u00e4ndlichkeit seines Daseins fehlt. Was f\u00fcr Erinnerungen sind es? Was haben sie mit den Dingen seines Lebens zu tun, mit den Objekten, die ihn Tag f\u00fcr Tag umgaben? Je l\u00e4nger ich an meinen toten Vater denke, desto mehr sprechen seine Dinge zu mir.\u201c<\/p>\n<p>Wie bei Cristina Karrers oben erw\u00e4hntem Buch sind es die Dinge, die lange nicht beachteten, so selbstverst\u00e4ndlichen, die nach dem Tod Erinnerungen vermitteln und transportieren.<\/p>\n<p>&nbsp;<\/p>\n<p>Warmherzig und authentisch vergegenw\u00e4rtigt sich Rainer Moritz das Leben seines Vaters und damit auch sein eigenes. Es ist verg\u00e4nglich, wird irgendwann ein schnelles oder qu\u00e4lendes Ende haben. Gerade angesichts dieses Endes ist es gut, sich zu vergewissern, wer wir sind.<\/p>\n<p>&nbsp;<\/p>\n<p>Ohne es erst recht zu merken, wird der Leser mitgenommen in diese Selbstvergewisserung und beginnt schon bald, sich beim Lesen von Moritz` Erinnerungen mit seinem eigenen Leben zu befassen.<\/p>\n<p>&nbsp;<\/p>\n<p>Selbst Jahrgang 1954 hat mich neben der Auseinandersetzung mit dem patriarchalischen Vater am meisten angesprochen, wie er das Lebensgef\u00fchl einer Generation\u00a0 beschreibt, zu der ich selbst geh\u00f6re.<\/p>\n<p>&nbsp;<\/p>\n<p>&nbsp;<\/p>\n","protected":false},"excerpt":{"rendered":"<p>&nbsp; &nbsp; Rainer Moritz, Mein Vater, die Dinge und der Tod, Kunstmann Verlag 2019, ISBN 978-3-95614-257-4 &nbsp; In den letzten Jahren haben B\u00fccher Konjunktur, in denen Frauen und M\u00e4nner, oft bekannte Autoren, sich nach dem Tod eines Elternteils erinnern, die Beziehung zu Vater oder Mutter reflektieren, sich so manches von der Seele schreiben und danach &hellip; <a href=\"https:\/\/blog.liesdoch.de\/?p=7107\" class=\"more-link\"><span class=\"screen-reader-text\">Mein Vater, die Dinge und der Tod<\/span> weiterlesen <span class=\"meta-nav\">&rarr;<\/span><\/a><\/p>\n","protected":false},"author":6,"featured_media":0,"comment_status":"closed","ping_status":"open","sticky":false,"template":"","format":"standard","meta":{"footnotes":""},"categories":[1],"tags":[],"class_list":["post-7107","post","type-post","status-publish","format-standard","hentry","category-allgemein"],"_links":{"self":[{"href":"https:\/\/blog.liesdoch.de\/index.php?rest_route=\/wp\/v2\/posts\/7107","targetHints":{"allow":["GET"]}}],"collection":[{"href":"https:\/\/blog.liesdoch.de\/index.php?rest_route=\/wp\/v2\/posts"}],"about":[{"href":"https:\/\/blog.liesdoch.de\/index.php?rest_route=\/wp\/v2\/types\/post"}],"author":[{"embeddable":true,"href":"https:\/\/blog.liesdoch.de\/index.php?rest_route=\/wp\/v2\/users\/6"}],"replies":[{"embeddable":true,"href":"https:\/\/blog.liesdoch.de\/index.php?rest_route=%2Fwp%2Fv2%2Fcomments&post=7107"}],"version-history":[{"count":1,"href":"https:\/\/blog.liesdoch.de\/index.php?rest_route=\/wp\/v2\/posts\/7107\/revisions"}],"predecessor-version":[{"id":7109,"href":"https:\/\/blog.liesdoch.de\/index.php?rest_route=\/wp\/v2\/posts\/7107\/revisions\/7109"}],"wp:attachment":[{"href":"https:\/\/blog.liesdoch.de\/index.php?rest_route=%2Fwp%2Fv2%2Fmedia&parent=7107"}],"wp:term":[{"taxonomy":"category","embeddable":true,"href":"https:\/\/blog.liesdoch.de\/index.php?rest_route=%2Fwp%2Fv2%2Fcategories&post=7107"},{"taxonomy":"post_tag","embeddable":true,"href":"https:\/\/blog.liesdoch.de\/index.php?rest_route=%2Fwp%2Fv2%2Ftags&post=7107"}],"curies":[{"name":"wp","href":"https:\/\/api.w.org\/{rel}","templated":true}]}}