{"id":7110,"date":"2019-01-29T09:23:45","date_gmt":"2019-01-29T07:23:45","guid":{"rendered":"http:\/\/blog.liesdoch.de\/?p=7110"},"modified":"2019-01-29T09:23:45","modified_gmt":"2019-01-29T07:23:45","slug":"der-sternenmann","status":"publish","type":"post","link":"https:\/\/blog.liesdoch.de\/?p=7110","title":{"rendered":"Der Sternenmann"},"content":{"rendered":"<p>&nbsp;<\/p>\n<p>&nbsp;<\/p>\n<p><a href=\"http:\/\/blog.liesdoch.de\/wp-content\/uploads\/2019\/01\/52443178n.jpg\"><img loading=\"lazy\" decoding=\"async\" class=\"alignnone size-medium wp-image-7111\" src=\"http:\/\/blog.liesdoch.de\/wp-content\/uploads\/2019\/01\/52443178n-235x300.jpg\" alt=\"\" width=\"235\" height=\"300\" srcset=\"https:\/\/blog.liesdoch.de\/wp-content\/uploads\/2019\/01\/52443178n-235x300.jpg 235w, https:\/\/blog.liesdoch.de\/wp-content\/uploads\/2019\/01\/52443178n.jpg 242w\" sizes=\"auto, (max-width: 235px) 100vw, 235px\" \/><\/a><\/p>\n<p>Max von Thun, Der Sternenmann, arsedition 2018, ISBN 978-3-8458-2524-3<\/p>\n<p>&nbsp;<\/p>\n<p>Mit farbenfrohen und detailreichen Bildern von Marta Balmaseda illustriert erz\u00e4hlt der \u00f6sterreichische Schauspieler und Fernsehmoderator Max von Thun in seinem literarischen Deb\u00fct eine von seiner warmherzigen Liebe als junger Vater gepr\u00e4gte und gen\u00e4hrte Geschichte davon, dass jedes Gesch\u00f6pf auf der Welt ein einzigartiges Wesen ist und als solches behandelt werden sollte.<\/p>\n<p>&nbsp;<\/p>\n<p>Die sch\u00f6ne Gutenacht-Geschichte erz\u00e4hlt vom Sternenmann, der auf einem winzig kleinen Planeten in einer sehr weit entfernten Galaxie lebt. Seine einzige und wichtige Aufgabe ist es, jeden Tag die Sterne zum Leuchten zu bringen und\u00a0 sie am weiten Himmel zu verteilen.<\/p>\n<p>&nbsp;<\/p>\n<p>Aber eines Tages passiert ihm etwas Schlimmes: sein\u00a0 kleinster Stern geht ihm verloren.\u00a0 Eine lange und magische Reise durch die Nacht beginnt nun, bis am guten Ende der kleine Stern wiedergefunden wird und die kleinen Zuh\u00f6rer und Betrachter des Bilderbuches erfahren, warum der kleine Stern (und sie nat\u00fcrlich auch!) f\u00fcr jemand etwas ganz Besonderes ist\u2026<\/p>\n<p>&nbsp;<\/p>\n<p>Das Lied vom Sternenmann, das Max von Thun f\u00fcr seinen Sohn geschrieben hat, ist am Ende des Buches abgedruckt, genau wie ein Link zum Anh\u00f6ren des Liedes.<\/p>\n","protected":false},"excerpt":{"rendered":"<p>&nbsp; &nbsp; Max von Thun, Der Sternenmann, arsedition 2018, ISBN 978-3-8458-2524-3 &nbsp; Mit farbenfrohen und detailreichen Bildern von Marta Balmaseda illustriert erz\u00e4hlt der \u00f6sterreichische Schauspieler und Fernsehmoderator Max von Thun in seinem literarischen Deb\u00fct eine von seiner warmherzigen Liebe als junger Vater gepr\u00e4gte und gen\u00e4hrte Geschichte davon, dass jedes Gesch\u00f6pf auf der Welt ein einzigartiges &hellip; <a href=\"https:\/\/blog.liesdoch.de\/?p=7110\" class=\"more-link\"><span class=\"screen-reader-text\">Der Sternenmann<\/span> weiterlesen <span class=\"meta-nav\">&rarr;<\/span><\/a><\/p>\n","protected":false},"author":6,"featured_media":0,"comment_status":"closed","ping_status":"open","sticky":false,"template":"","format":"standard","meta":{"footnotes":""},"categories":[1],"tags":[],"class_list":["post-7110","post","type-post","status-publish","format-standard","hentry","category-allgemein"],"_links":{"self":[{"href":"https:\/\/blog.liesdoch.de\/index.php?rest_route=\/wp\/v2\/posts\/7110","targetHints":{"allow":["GET"]}}],"collection":[{"href":"https:\/\/blog.liesdoch.de\/index.php?rest_route=\/wp\/v2\/posts"}],"about":[{"href":"https:\/\/blog.liesdoch.de\/index.php?rest_route=\/wp\/v2\/types\/post"}],"author":[{"embeddable":true,"href":"https:\/\/blog.liesdoch.de\/index.php?rest_route=\/wp\/v2\/users\/6"}],"replies":[{"embeddable":true,"href":"https:\/\/blog.liesdoch.de\/index.php?rest_route=%2Fwp%2Fv2%2Fcomments&post=7110"}],"version-history":[{"count":1,"href":"https:\/\/blog.liesdoch.de\/index.php?rest_route=\/wp\/v2\/posts\/7110\/revisions"}],"predecessor-version":[{"id":7112,"href":"https:\/\/blog.liesdoch.de\/index.php?rest_route=\/wp\/v2\/posts\/7110\/revisions\/7112"}],"wp:attachment":[{"href":"https:\/\/blog.liesdoch.de\/index.php?rest_route=%2Fwp%2Fv2%2Fmedia&parent=7110"}],"wp:term":[{"taxonomy":"category","embeddable":true,"href":"https:\/\/blog.liesdoch.de\/index.php?rest_route=%2Fwp%2Fv2%2Fcategories&post=7110"},{"taxonomy":"post_tag","embeddable":true,"href":"https:\/\/blog.liesdoch.de\/index.php?rest_route=%2Fwp%2Fv2%2Ftags&post=7110"}],"curies":[{"name":"wp","href":"https:\/\/api.w.org\/{rel}","templated":true}]}}