{"id":7116,"date":"2019-01-29T15:39:11","date_gmt":"2019-01-29T13:39:11","guid":{"rendered":"http:\/\/blog.liesdoch.de\/?p=7116"},"modified":"2019-01-29T15:39:11","modified_gmt":"2019-01-29T13:39:11","slug":"wer-hat-meinen-vater-umgebracht","status":"publish","type":"post","link":"https:\/\/blog.liesdoch.de\/?p=7116","title":{"rendered":"Wer hat meinen Vater umgebracht"},"content":{"rendered":"<p>&nbsp;<\/p>\n<p>&nbsp;<\/p>\n<p>&nbsp;<\/p>\n<p><a href=\"http:\/\/blog.liesdoch.de\/wp-content\/uploads\/2019\/01\/54408347n.jpg\"><img loading=\"lazy\" decoding=\"async\" class=\"alignnone size-medium wp-image-7117\" src=\"http:\/\/blog.liesdoch.de\/wp-content\/uploads\/2019\/01\/54408347n-184x300.jpg\" alt=\"\" width=\"184\" height=\"300\" srcset=\"https:\/\/blog.liesdoch.de\/wp-content\/uploads\/2019\/01\/54408347n-184x300.jpg 184w, https:\/\/blog.liesdoch.de\/wp-content\/uploads\/2019\/01\/54408347n.jpg 242w\" sizes=\"auto, (max-width: 184px) 100vw, 184px\" \/><\/a><\/p>\n<p>Edouard Louis, Wer hat meinen Vater umgebracht, S. Fischer 2019, ISBN 978-3-10-397428-7<\/p>\n<p>&nbsp;<\/p>\n<p>Der junge franz\u00f6sische Schriftsteller Edouard Louis hatte 2016 in seinem in Frankreich und auch in Deutschland von der Kritik begeistert aufgenommenen autobiographischen Deb\u00fctroman \u201eDas Ende von Eddy\u201c eine harte und verbitterte Abrechnung mit seiner Kindheit und insbesondere mit seinem Vater geschrieben, der ihn wegen seiner Homosexualit\u00e4t verachtete und qu\u00e4lte. \u201eAn meine Kindheit habe ich keine einzige gl\u00fcckliche Erinnerung\u201c\u00a0 lautete damals der erste Satz in seinem Roman.<\/p>\n<p>Nachdem er ein Jahr sp\u00e4ter in dem Roman \u201eIm Herzen der Gewalt\u201c die autobiographische Auseinandersetzung mit seinem Leben und seiner Homosexualit\u00e4t fortsetzte hat, legt er nun mit \u201e\u201cWer hat meinen Vater umgebracht?\u201c seinen dritten Roman vor. In diesem schmalen in drei Teile gegliederten Buch gibt er ein engagiertes Beispiel f\u00fcr seine neue Art des Schreibens, f\u00fcr eine neue Art einer \u201ekonfrontativen\u201c Literatur. Er sagt dazu: \u201eLiteratur muss k\u00e4mpfen &#8211; f\u00fcr all jene, die selbst nicht k\u00e4mpfen k\u00f6nnen.\u201c<\/p>\n<p>&nbsp;<\/p>\n<p>Hatte er 2016, seine Kindheit reflektierend, f\u00fcr seinen Vater und dessen Gewaltausbr\u00fcche gegen\u00fcber seinem homosexuellen Sohn nur Verachtung und Spott \u00fcbrig, nimmt Louis in seinem neuen Buch dem Vater gegen\u00fcber eine andere Haltung ein. Denn in seiner Sicht auf die Gesellschaft, in der er lebt, radikaler geworden, liest er die Gewalt und den Alkoholmissbrauch seines Vaters als verst\u00e4ndliche Reaktionen eines Mannes an, der ohne gro\u00dfe Bildung sein Leben lang in der Fabrik arbeiten musste und nach einem schweren Arbeitsunfall aussortiert wird.<\/p>\n<p>Louis erinnert sich in den Zeilen, die er an seinen Vater richtet, auch an einen liebevollen und f\u00fcrsorglichen Vater, der unter Tr\u00e4nen seinem Sohn gesteht, er wisse auch nicht, warum er immer so heftig sei. Er lernt ihn sehen und lieben als einen einfachen Mann, der seinem Sohn immer w\u00fcnschte, dass er aus jenen Verh\u00e4ltnissen ausbrechen k\u00f6nnte, unter denen er sein Leben lang gelitten hat.<\/p>\n<p>&nbsp;<\/p>\n<p>Je mehr der Sohn selbst sich aus diesen Verh\u00e4ltnissen befreit, desto mehr Verst\u00e4ndnis w\u00e4chst in ihm f\u00fcr seinen Vater und dessen, so sieht er es, von der Gesellschaft und der Politik zerst\u00f6rtes Leben.<\/p>\n<p>&nbsp;<\/p>\n<p>Und zornig und voller Emotionen klagt er sie alle an, jene Politiker von Chirac bis Macron, die den Reichen gaben und durch K\u00fcrzungen von Sozialleistungen den Armen nahmen. \u201eDu wusstest\u201c, schreibt er seinem Vater, \u201edass Politik f\u00fcr dich eine Frage von Leben und Tod bedeutete.\u201c Und: \u201eEmmanuel Macron stiehlt dir das Essen direkt vom Teller.\u201c<\/p>\n<p>&nbsp;<\/p>\n<p>Das Buch ist eine vers\u00f6hnende Trauerrede auf einen geliebten Vater und gleichzeitig ein Aufruf zum Aufstand, ein eindringlicher Text dar\u00fcber, dass die Dinge in Frankreich und anderswo nicht so bleiben k\u00f6nnen, wie sie sind. Es zeigt, dass es in Frankreichs Gesellschaft brodelt, nicht nur unter gelben Westen.<\/p>\n<p>&nbsp;<\/p>\n<p>&nbsp;<\/p>\n<p>&nbsp;<\/p>\n<p>&nbsp;<\/p>\n<p>&nbsp;<\/p>\n","protected":false},"excerpt":{"rendered":"<p>&nbsp; &nbsp; &nbsp; Edouard Louis, Wer hat meinen Vater umgebracht, S. Fischer 2019, ISBN 978-3-10-397428-7 &nbsp; Der junge franz\u00f6sische Schriftsteller Edouard Louis hatte 2016 in seinem in Frankreich und auch in Deutschland von der Kritik begeistert aufgenommenen autobiographischen Deb\u00fctroman \u201eDas Ende von Eddy\u201c eine harte und verbitterte Abrechnung mit seiner Kindheit und insbesondere mit seinem &hellip; <a href=\"https:\/\/blog.liesdoch.de\/?p=7116\" class=\"more-link\"><span class=\"screen-reader-text\">Wer hat meinen Vater umgebracht<\/span> weiterlesen <span class=\"meta-nav\">&rarr;<\/span><\/a><\/p>\n","protected":false},"author":6,"featured_media":0,"comment_status":"closed","ping_status":"open","sticky":false,"template":"","format":"standard","meta":{"footnotes":""},"categories":[1],"tags":[],"class_list":["post-7116","post","type-post","status-publish","format-standard","hentry","category-allgemein"],"_links":{"self":[{"href":"https:\/\/blog.liesdoch.de\/index.php?rest_route=\/wp\/v2\/posts\/7116","targetHints":{"allow":["GET"]}}],"collection":[{"href":"https:\/\/blog.liesdoch.de\/index.php?rest_route=\/wp\/v2\/posts"}],"about":[{"href":"https:\/\/blog.liesdoch.de\/index.php?rest_route=\/wp\/v2\/types\/post"}],"author":[{"embeddable":true,"href":"https:\/\/blog.liesdoch.de\/index.php?rest_route=\/wp\/v2\/users\/6"}],"replies":[{"embeddable":true,"href":"https:\/\/blog.liesdoch.de\/index.php?rest_route=%2Fwp%2Fv2%2Fcomments&post=7116"}],"version-history":[{"count":1,"href":"https:\/\/blog.liesdoch.de\/index.php?rest_route=\/wp\/v2\/posts\/7116\/revisions"}],"predecessor-version":[{"id":7118,"href":"https:\/\/blog.liesdoch.de\/index.php?rest_route=\/wp\/v2\/posts\/7116\/revisions\/7118"}],"wp:attachment":[{"href":"https:\/\/blog.liesdoch.de\/index.php?rest_route=%2Fwp%2Fv2%2Fmedia&parent=7116"}],"wp:term":[{"taxonomy":"category","embeddable":true,"href":"https:\/\/blog.liesdoch.de\/index.php?rest_route=%2Fwp%2Fv2%2Fcategories&post=7116"},{"taxonomy":"post_tag","embeddable":true,"href":"https:\/\/blog.liesdoch.de\/index.php?rest_route=%2Fwp%2Fv2%2Ftags&post=7116"}],"curies":[{"name":"wp","href":"https:\/\/api.w.org\/{rel}","templated":true}]}}