{"id":713,"date":"2015-10-24T14:18:06","date_gmt":"2015-10-24T12:18:06","guid":{"rendered":"http:\/\/blog.liesdoch.de\/?p=713"},"modified":"2015-10-24T14:18:06","modified_gmt":"2015-10-24T12:18:06","slug":"advent-advent","status":"publish","type":"post","link":"https:\/\/blog.liesdoch.de\/?p=713","title":{"rendered":"Advent, Advent"},"content":{"rendered":"<p>&nbsp;<\/p>\n<p><a href=\"http:\/\/blog.liesdoch.de\/wp-content\/uploads\/2015\/10\/42733331z.jpg\"><img loading=\"lazy\" decoding=\"async\" class=\"alignnone size-medium wp-image-714\" src=\"http:\/\/blog.liesdoch.de\/wp-content\/uploads\/2015\/10\/42733331z-300x300.jpg\" alt=\"42733331z\" width=\"300\" height=\"300\" srcset=\"https:\/\/blog.liesdoch.de\/wp-content\/uploads\/2015\/10\/42733331z-300x300.jpg 300w, https:\/\/blog.liesdoch.de\/wp-content\/uploads\/2015\/10\/42733331z-150x150.jpg 150w, https:\/\/blog.liesdoch.de\/wp-content\/uploads\/2015\/10\/42733331z.jpg 340w\" sizes=\"auto, (max-width: 300px) 100vw, 300px\" \/><\/a><\/p>\n<p>Marion Elitez, Advent, Advent, Orell F\u00fcssli 2015, ISBN 978-3-280-03495-8<\/p>\n<p>&nbsp;<\/p>\n<p>Wie viele Kerzen m\u00fcssen brennen, bis endlich der Heilige Abend gekommen ist?<\/p>\n<p>Jenes klassische Adventsgedicht \u201eAdvent, Advent; ein Lichtlein brennt\u2026\u201c, das jedes Kind sp\u00e4testens in der Kindertagesst\u00e4te lernt, ist in diesem wunderbaren kleinen Bilderbuch f\u00fcr Kinder ab etwa 18 Monaten von der K\u00fcnstlerin Marion Elitez auf eine sehr liebevolle Art und Weise illustriert worden.<\/p>\n<p>Sie erz\u00e4hlt dabei mit den einzelnen Worten des Adventsgedichtes mit ihren zarten Bildern die Geschichte eines Geschwisterpaares und seinen Eltern. Das Schm\u00fccken des Kinderzimmers vor dem ersten Advent, das Pl\u00e4tzchenbacken am ersten Advent, eine hei\u00dfe Schlittenfahrt am zweiten Adventswochenende, ein gro\u00dfes Kost\u00fcmfest im Kindergarten vor dem dritten Advent, der Besuch eines sch\u00f6nen Weihnachtsmarktes am vierten Adventswochenende und dann \u2013 endlich \u2013 der Heilige Abend- den die Eltern mit einer Glocke einl\u00e4uten. Welche eine \u00dcberraschung, als die beiden Geschwister das Wohnzimmer betreten d\u00fcrfen!<\/p>\n<p>Eine klassische Familie, die zusammen mit ihren Kindern (und dem Hund!) die Adventszeit \u201ebegeht\u201c, an alten Traditionen festh\u00e4lt und somit diese Zeit der frohen Erwartung f\u00fcr ihre Kinder so unvergessen macht, dass diese vielleicht dereinst mit ihren Kindern an diesen Traditionen festhalten. Das hat mir gefallen und mich beeindruckt.<\/p>\n","protected":false},"excerpt":{"rendered":"<p>&nbsp; Marion Elitez, Advent, Advent, Orell F\u00fcssli 2015, ISBN 978-3-280-03495-8 &nbsp; Wie viele Kerzen m\u00fcssen brennen, bis endlich der Heilige Abend gekommen ist? Jenes klassische Adventsgedicht \u201eAdvent, Advent; ein Lichtlein brennt\u2026\u201c, das jedes Kind sp\u00e4testens in der Kindertagesst\u00e4te lernt, ist in diesem wunderbaren kleinen Bilderbuch f\u00fcr Kinder ab etwa 18 Monaten von der K\u00fcnstlerin Marion &hellip; <a href=\"https:\/\/blog.liesdoch.de\/?p=713\" class=\"more-link\"><span class=\"screen-reader-text\">Advent, Advent<\/span> weiterlesen <span class=\"meta-nav\">&rarr;<\/span><\/a><\/p>\n","protected":false},"author":6,"featured_media":0,"comment_status":"open","ping_status":"open","sticky":false,"template":"","format":"standard","meta":{"footnotes":""},"categories":[1],"tags":[193,256,33,230],"class_list":["post-713","post","type-post","status-publish","format-standard","hentry","category-allgemein","tag-ab-18-monate","tag-advent","tag-bilderbuch","tag-familie"],"_links":{"self":[{"href":"https:\/\/blog.liesdoch.de\/index.php?rest_route=\/wp\/v2\/posts\/713","targetHints":{"allow":["GET"]}}],"collection":[{"href":"https:\/\/blog.liesdoch.de\/index.php?rest_route=\/wp\/v2\/posts"}],"about":[{"href":"https:\/\/blog.liesdoch.de\/index.php?rest_route=\/wp\/v2\/types\/post"}],"author":[{"embeddable":true,"href":"https:\/\/blog.liesdoch.de\/index.php?rest_route=\/wp\/v2\/users\/6"}],"replies":[{"embeddable":true,"href":"https:\/\/blog.liesdoch.de\/index.php?rest_route=%2Fwp%2Fv2%2Fcomments&post=713"}],"version-history":[{"count":1,"href":"https:\/\/blog.liesdoch.de\/index.php?rest_route=\/wp\/v2\/posts\/713\/revisions"}],"predecessor-version":[{"id":715,"href":"https:\/\/blog.liesdoch.de\/index.php?rest_route=\/wp\/v2\/posts\/713\/revisions\/715"}],"wp:attachment":[{"href":"https:\/\/blog.liesdoch.de\/index.php?rest_route=%2Fwp%2Fv2%2Fmedia&parent=713"}],"wp:term":[{"taxonomy":"category","embeddable":true,"href":"https:\/\/blog.liesdoch.de\/index.php?rest_route=%2Fwp%2Fv2%2Fcategories&post=713"},{"taxonomy":"post_tag","embeddable":true,"href":"https:\/\/blog.liesdoch.de\/index.php?rest_route=%2Fwp%2Fv2%2Ftags&post=713"}],"curies":[{"name":"wp","href":"https:\/\/api.w.org\/{rel}","templated":true}]}}