{"id":717,"date":"2015-10-27T09:04:12","date_gmt":"2015-10-27T07:04:12","guid":{"rendered":"http:\/\/blog.liesdoch.de\/?p=717"},"modified":"2015-10-27T09:04:12","modified_gmt":"2015-10-27T07:04:12","slug":"der-rote-mantel","status":"publish","type":"post","link":"https:\/\/blog.liesdoch.de\/?p=717","title":{"rendered":"Der rote Mantel"},"content":{"rendered":"<p>&nbsp;<\/p>\n<p><a href=\"http:\/\/blog.liesdoch.de\/wp-content\/uploads\/2015\/10\/42693355z.jpg\"><img loading=\"lazy\" decoding=\"async\" class=\"alignnone size-medium wp-image-718\" src=\"http:\/\/blog.liesdoch.de\/wp-content\/uploads\/2015\/10\/42693355z-262x300.jpg\" alt=\"42693355z\" width=\"262\" height=\"300\" srcset=\"https:\/\/blog.liesdoch.de\/wp-content\/uploads\/2015\/10\/42693355z-262x300.jpg 262w, https:\/\/blog.liesdoch.de\/wp-content\/uploads\/2015\/10\/42693355z.jpg 416w\" sizes=\"auto, (max-width: 262px) 100vw, 262px\" \/><\/a><\/p>\n<p>&nbsp;<\/p>\n<p>Heinz Janisch, Brigitta Heiskel, Der rote Mantel. Die Geschichte vom heiligen Martin, Tyrolia 2015, ISBN 978-3-7022-3489-8<\/p>\n<p>&nbsp;<\/p>\n<p>Seit 1700 Jahren erz\u00e4hlt man sich die Geschichten vom heiligen Martin, der seinen Mantel teilte, vom Soldat zum Einsiedler und M\u00f6nche wurde und schlie\u00dflich zum Bischof von Myra ernannt wurde. Selten war diese Geschichte in den letzten Jahrzehnten auch und gerade f\u00fcr Kinder so aktuell wie heute. Millionen Menschen sind auf der Flucht und Unz\u00e4hlige von ihnen glauben, dass sie in unserem Land Schutz finden.<\/p>\n<p>Eine riesige Zahl von ehrenamtlichen Helfern engagiert sich in der Unterst\u00fctzung dieser Fl\u00fcchtlinge, die zun\u00e4chst nur in Hallen und anderen Notunterk\u00fcnften notd\u00fcrftig auch mit Kleidung und Decken versorgt werden. Von einem dieser Menschen, einer freundliche Frau wird, in diesem Buch von Heinz Janisch, das Brigitta Heiskel sensibel und zart illustriert hat, erz\u00e4hlt.<\/p>\n<p>In einer Notunterkunft, in die der kleine Amir mit seinem Vater nach einer langen Flucht untergekommen ist, bietet ihm eine warme Suppe an. \u201eDas ist eine Suppe, damit wird dir schon warm\u201c, sagt sie, denn sie kann seine Sprache. Und Amir berichtet ihr von einem Mann, der ihm die H\u00e4lfte seiner roten Decke geschenkt habe.<\/p>\n<p>Und, der Zusammenhang k\u00f6nnte gar nicht deutlicher sein, erz\u00e4hlt sie ihm und allen Kindern, denen dieses sch\u00f6ne Buch vorgelesen wird, die alte Geschichte von heiligen Martin und warum die Kinder bis auf den heutigen Tag in Erinnerung an ihn und seine tiefe Menschlichkeit am Martinstag Lichter anz\u00fcnden.<\/p>\n<p>Doch nichts w\u00e4rmt so sehr wie die Umarmung, in der sich Amir und die freundliche Frau am Ende des Buches befinden, dankbar, dass sie sich begegnet sind.<\/p>\n<p>Schon lange war die Botschaft des heiligen Martin nicht mehr so aktuell wie heute. Dieses Buch eignet sich hervorragend, das aktuelle Schicksal der vielen Fl\u00fcchtlingen in unserem Land mit seiner alten Botschaft zu verbinden.<\/p>\n","protected":false},"excerpt":{"rendered":"<p>&nbsp; &nbsp; Heinz Janisch, Brigitta Heiskel, Der rote Mantel. Die Geschichte vom heiligen Martin, Tyrolia 2015, ISBN 978-3-7022-3489-8 &nbsp; Seit 1700 Jahren erz\u00e4hlt man sich die Geschichten vom heiligen Martin, der seinen Mantel teilte, vom Soldat zum Einsiedler und M\u00f6nche wurde und schlie\u00dflich zum Bischof von Myra ernannt wurde. Selten war diese Geschichte in den &hellip; <a href=\"https:\/\/blog.liesdoch.de\/?p=717\" class=\"more-link\"><span class=\"screen-reader-text\">Der rote Mantel<\/span> weiterlesen <span class=\"meta-nav\">&rarr;<\/span><\/a><\/p>\n","protected":false},"author":6,"featured_media":0,"comment_status":"open","ping_status":"open","sticky":false,"template":"","format":"standard","meta":{"footnotes":""},"categories":[1],"tags":[258,257],"class_list":["post-717","post","type-post","status-publish","format-standard","hentry","category-allgemein","tag-fluechtlinge","tag-heiliger-martin"],"_links":{"self":[{"href":"https:\/\/blog.liesdoch.de\/index.php?rest_route=\/wp\/v2\/posts\/717","targetHints":{"allow":["GET"]}}],"collection":[{"href":"https:\/\/blog.liesdoch.de\/index.php?rest_route=\/wp\/v2\/posts"}],"about":[{"href":"https:\/\/blog.liesdoch.de\/index.php?rest_route=\/wp\/v2\/types\/post"}],"author":[{"embeddable":true,"href":"https:\/\/blog.liesdoch.de\/index.php?rest_route=\/wp\/v2\/users\/6"}],"replies":[{"embeddable":true,"href":"https:\/\/blog.liesdoch.de\/index.php?rest_route=%2Fwp%2Fv2%2Fcomments&post=717"}],"version-history":[{"count":1,"href":"https:\/\/blog.liesdoch.de\/index.php?rest_route=\/wp\/v2\/posts\/717\/revisions"}],"predecessor-version":[{"id":719,"href":"https:\/\/blog.liesdoch.de\/index.php?rest_route=\/wp\/v2\/posts\/717\/revisions\/719"}],"wp:attachment":[{"href":"https:\/\/blog.liesdoch.de\/index.php?rest_route=%2Fwp%2Fv2%2Fmedia&parent=717"}],"wp:term":[{"taxonomy":"category","embeddable":true,"href":"https:\/\/blog.liesdoch.de\/index.php?rest_route=%2Fwp%2Fv2%2Fcategories&post=717"},{"taxonomy":"post_tag","embeddable":true,"href":"https:\/\/blog.liesdoch.de\/index.php?rest_route=%2Fwp%2Fv2%2Ftags&post=717"}],"curies":[{"name":"wp","href":"https:\/\/api.w.org\/{rel}","templated":true}]}}