{"id":7170,"date":"2019-02-12T10:22:50","date_gmt":"2019-02-12T08:22:50","guid":{"rendered":"http:\/\/blog.liesdoch.de\/?p=7170"},"modified":"2019-02-12T10:22:50","modified_gmt":"2019-02-12T08:22:50","slug":"gehts-noch-deutschland","status":"publish","type":"post","link":"https:\/\/blog.liesdoch.de\/?p=7170","title":{"rendered":"Geht`s noch, Deutschland"},"content":{"rendered":"<p>&nbsp;<\/p>\n<p>&nbsp;<\/p>\n<p>&nbsp;<\/p>\n<p>&nbsp;<\/p>\n<p><a href=\"http:\/\/blog.liesdoch.de\/wp-content\/uploads\/2019\/02\/54341252n.jpg\"><img loading=\"lazy\" decoding=\"async\" class=\"alignnone size-medium wp-image-7171\" src=\"http:\/\/blog.liesdoch.de\/wp-content\/uploads\/2019\/02\/54341252n-189x300.jpg\" alt=\"\" width=\"189\" height=\"300\" srcset=\"https:\/\/blog.liesdoch.de\/wp-content\/uploads\/2019\/02\/54341252n-189x300.jpg 189w, https:\/\/blog.liesdoch.de\/wp-content\/uploads\/2019\/02\/54341252n.jpg 242w\" sizes=\"auto, (max-width: 189px) 100vw, 189px\" \/><\/a><\/p>\n<p>Claus Strunz, Geht`s noch, Deutschland, Plassen 2018, ISBN 978-3-86470-596-0<\/p>\n<p>&nbsp;<\/p>\n<p>Claus Strunz ist einer der wenigen im Fernsehen t\u00e4tigen Journalisten, der noch in der Lage ist, jenseits ideologischer Festlegungen Klartext zu reden und zugespitzt zu fragen und zu formulieren.<\/p>\n<p>&nbsp;<\/p>\n<p>Das sp\u00fcrt man auch auf fast jeder Seite seines neuen provokativen Buches, das er unter dem Titel \u201eGeht`s noch, Deutschland?\u201c im Plassen Verlag vorgelegt hat. Ob auf der Bundesebene , auf der L\u00e4nderebene\u00a0 oder direkt in der eigenen Kommune \u2013 in den letzten Jahren haben die B\u00fcrger dieses Landes \u00a0viele politische Entscheidungen und Nicht-Entscheidungen erlebt, die nicht nur Kopfsch\u00fctteln ausgel\u00f6st haben, sondern auch bei nicht wenigen den Frust und die Entt\u00e4uschung \u00fcber die Politik und die Politiker haben wachsen lassen. Der Zuwachs der AfD und eine f\u00fcr Deutschland v\u00f6llig neue Art des Protestes auf der Stra\u00dfe (vgl. in Stuttgart) , der an die franz\u00f6sischen Gelbwesten erinnert, zeigen, dass dies nicht folgenlos bleibt f\u00fcr unseren inneren Frieden und\u00a0 f\u00fcr unsere Demokratie.<\/p>\n<p>&nbsp;<\/p>\n<p>Claus Strunz greift an vielen Beispielen die aktuelle labile und geladene Stimmung in Deutschland auf. Er benennt die Probleme und ihre Ursachen, kommentiert zahllose Missst\u00e4nde und Ungeheuerlichkeiten, die sich die deutsche Politik in den letzten Jahren geleistet hat. Aber er versucht auch, Probleme neu zu denken und jeweils L\u00f6sungsans\u00e4tze zu liefern. Die allerdings haben mich nicht immer \u00fcberzeugt. Ich glaube auch nicht, dass sie, umgesetzt, wirklich weiter helfen w\u00fcrden.<\/p>\n<p>&nbsp;<\/p>\n<p>Das Buch kl\u00e4rt auf, kann aber nicht den Leseeindruck verhindern, dass all das nicht weiterhelfen wird, sondern dass die innenpolitische Lage in Deutschland sich in den n\u00e4chsten Jahren noch zuspitzen wird. Die Wahlen in diesem Jahr k\u00f6nnte der Beginn gr\u00f6\u00dferer Umw\u00e4lzungen sein. Keine sch\u00f6nen Aussichten.<\/p>\n<p>&nbsp;<\/p>\n<p>&nbsp;<\/p>\n","protected":false},"excerpt":{"rendered":"<p>&nbsp; &nbsp; &nbsp; &nbsp; Claus Strunz, Geht`s noch, Deutschland, Plassen 2018, ISBN 978-3-86470-596-0 &nbsp; Claus Strunz ist einer der wenigen im Fernsehen t\u00e4tigen Journalisten, der noch in der Lage ist, jenseits ideologischer Festlegungen Klartext zu reden und zugespitzt zu fragen und zu formulieren. &nbsp; Das sp\u00fcrt man auch auf fast jeder Seite seines neuen provokativen &hellip; <a href=\"https:\/\/blog.liesdoch.de\/?p=7170\" class=\"more-link\"><span class=\"screen-reader-text\">Geht`s noch, Deutschland<\/span> weiterlesen <span class=\"meta-nav\">&rarr;<\/span><\/a><\/p>\n","protected":false},"author":6,"featured_media":0,"comment_status":"closed","ping_status":"open","sticky":false,"template":"","format":"standard","meta":{"footnotes":""},"categories":[1],"tags":[],"class_list":["post-7170","post","type-post","status-publish","format-standard","hentry","category-allgemein"],"_links":{"self":[{"href":"https:\/\/blog.liesdoch.de\/index.php?rest_route=\/wp\/v2\/posts\/7170","targetHints":{"allow":["GET"]}}],"collection":[{"href":"https:\/\/blog.liesdoch.de\/index.php?rest_route=\/wp\/v2\/posts"}],"about":[{"href":"https:\/\/blog.liesdoch.de\/index.php?rest_route=\/wp\/v2\/types\/post"}],"author":[{"embeddable":true,"href":"https:\/\/blog.liesdoch.de\/index.php?rest_route=\/wp\/v2\/users\/6"}],"replies":[{"embeddable":true,"href":"https:\/\/blog.liesdoch.de\/index.php?rest_route=%2Fwp%2Fv2%2Fcomments&post=7170"}],"version-history":[{"count":1,"href":"https:\/\/blog.liesdoch.de\/index.php?rest_route=\/wp\/v2\/posts\/7170\/revisions"}],"predecessor-version":[{"id":7172,"href":"https:\/\/blog.liesdoch.de\/index.php?rest_route=\/wp\/v2\/posts\/7170\/revisions\/7172"}],"wp:attachment":[{"href":"https:\/\/blog.liesdoch.de\/index.php?rest_route=%2Fwp%2Fv2%2Fmedia&parent=7170"}],"wp:term":[{"taxonomy":"category","embeddable":true,"href":"https:\/\/blog.liesdoch.de\/index.php?rest_route=%2Fwp%2Fv2%2Fcategories&post=7170"},{"taxonomy":"post_tag","embeddable":true,"href":"https:\/\/blog.liesdoch.de\/index.php?rest_route=%2Fwp%2Fv2%2Ftags&post=7170"}],"curies":[{"name":"wp","href":"https:\/\/api.w.org\/{rel}","templated":true}]}}