{"id":7176,"date":"2019-02-12T10:24:03","date_gmt":"2019-02-12T08:24:03","guid":{"rendered":"http:\/\/blog.liesdoch.de\/?p=7176"},"modified":"2019-02-12T10:24:03","modified_gmt":"2019-02-12T08:24:03","slug":"angst-vor-gar-nix","status":"publish","type":"post","link":"https:\/\/blog.liesdoch.de\/?p=7176","title":{"rendered":"Angst vor gar nix?"},"content":{"rendered":"<p>&nbsp;<\/p>\n<p>&nbsp;<\/p>\n<p><a href=\"http:\/\/blog.liesdoch.de\/wp-content\/uploads\/2019\/02\/54564514n.jpg\"><img loading=\"lazy\" decoding=\"async\" class=\"alignnone size-full wp-image-7177\" src=\"http:\/\/blog.liesdoch.de\/wp-content\/uploads\/2019\/02\/54564514n.jpg\" alt=\"\" width=\"242\" height=\"180\" \/><\/a><\/p>\n<p>Werner Holzwarth, Daniel Kratzke, Angst vor gar nix, Klett Kinderbuch 2019, ISBN 978-3-95470-203-9<\/p>\n<p>&nbsp;<\/p>\n<p>Alle Eltern wissen das, die meisten Menschen wissen es aus ihrer eigenen Kindheit. Die \u00c4ngste von Kindern k\u00f6nnen ziemlich gro\u00df sein und sich je nachdem noch steigern. Was man auch wei\u00df ist, dass solche \u00c4ngste gez\u00e4hmt werden k\u00f6nnen, wenn man \u00fcber sie spricht.<\/p>\n<p>&nbsp;<\/p>\n<p>In der neuen Bilderbuchgeschichte von Werner Holzwarth, die er in wunderbaren Reimen getextet hat und die Daniel Kratzke witzig illustriert hat, geht es um Kinder\u00e4ngste. Verschiedene Kinder \u00fcberbieten sich auf jeder Seite mehr mit der Schilderung ihrer \u00c4ngste. Doch am rechten unteren Bildrand steht ein kleiner Angeber namens Franz und antwortet jedem Kind:<\/p>\n<p>\u201eDas ist doch Firlefanz,<\/p>\n<p>ich hab vor gar nix Angst\u201c, sagt Franz.<\/p>\n<p>&nbsp;<\/p>\n<p>Immer weiter schaukeln sich die Kinder mit ihren \u00c4ngsten gegenseitig\u00a0 hoch. Solange bis auch der so coole Franz \u201eseine\u201c Angst kennenlernt, n\u00e4mlich die \u201egar nix\u201c bzw. allein zu sein, ohne Freunde und einsam.<\/p>\n<p>&nbsp;<\/p>\n<p>Doch die anderen Kinder schaffen Abhilfe:<\/p>\n<p>\u201eAngst ist niemals Firlefanz,<\/p>\n<p>doch es gibt immer Hilfe, Franz.<\/p>\n<p>Meistens ist das gar nicht schwer:<\/p>\n<p>Wir sind ja hier. Komm einfach her.\u201c<\/p>\n<p>&nbsp;<\/p>\n<p>Eine aufregende Reimgeschichte f\u00fcr mutige Angsthasen, voller Angst-Lust.<\/p>\n<p>&nbsp;<\/p>\n<p>&nbsp;<\/p>\n<p>&nbsp;<\/p>\n<p>&nbsp;<\/p>\n<p>&nbsp;<\/p>\n","protected":false},"excerpt":{"rendered":"<p>&nbsp; &nbsp; Werner Holzwarth, Daniel Kratzke, Angst vor gar nix, Klett Kinderbuch 2019, ISBN 978-3-95470-203-9 &nbsp; Alle Eltern wissen das, die meisten Menschen wissen es aus ihrer eigenen Kindheit. Die \u00c4ngste von Kindern k\u00f6nnen ziemlich gro\u00df sein und sich je nachdem noch steigern. Was man auch wei\u00df ist, dass solche \u00c4ngste gez\u00e4hmt werden k\u00f6nnen, wenn &hellip; <a href=\"https:\/\/blog.liesdoch.de\/?p=7176\" class=\"more-link\"><span class=\"screen-reader-text\">Angst vor gar nix?<\/span> weiterlesen <span class=\"meta-nav\">&rarr;<\/span><\/a><\/p>\n","protected":false},"author":6,"featured_media":0,"comment_status":"closed","ping_status":"open","sticky":false,"template":"","format":"standard","meta":{"footnotes":""},"categories":[1],"tags":[],"class_list":["post-7176","post","type-post","status-publish","format-standard","hentry","category-allgemein"],"_links":{"self":[{"href":"https:\/\/blog.liesdoch.de\/index.php?rest_route=\/wp\/v2\/posts\/7176","targetHints":{"allow":["GET"]}}],"collection":[{"href":"https:\/\/blog.liesdoch.de\/index.php?rest_route=\/wp\/v2\/posts"}],"about":[{"href":"https:\/\/blog.liesdoch.de\/index.php?rest_route=\/wp\/v2\/types\/post"}],"author":[{"embeddable":true,"href":"https:\/\/blog.liesdoch.de\/index.php?rest_route=\/wp\/v2\/users\/6"}],"replies":[{"embeddable":true,"href":"https:\/\/blog.liesdoch.de\/index.php?rest_route=%2Fwp%2Fv2%2Fcomments&post=7176"}],"version-history":[{"count":1,"href":"https:\/\/blog.liesdoch.de\/index.php?rest_route=\/wp\/v2\/posts\/7176\/revisions"}],"predecessor-version":[{"id":7178,"href":"https:\/\/blog.liesdoch.de\/index.php?rest_route=\/wp\/v2\/posts\/7176\/revisions\/7178"}],"wp:attachment":[{"href":"https:\/\/blog.liesdoch.de\/index.php?rest_route=%2Fwp%2Fv2%2Fmedia&parent=7176"}],"wp:term":[{"taxonomy":"category","embeddable":true,"href":"https:\/\/blog.liesdoch.de\/index.php?rest_route=%2Fwp%2Fv2%2Fcategories&post=7176"},{"taxonomy":"post_tag","embeddable":true,"href":"https:\/\/blog.liesdoch.de\/index.php?rest_route=%2Fwp%2Fv2%2Ftags&post=7176"}],"curies":[{"name":"wp","href":"https:\/\/api.w.org\/{rel}","templated":true}]}}