{"id":7198,"date":"2019-02-19T15:08:55","date_gmt":"2019-02-19T13:08:55","guid":{"rendered":"http:\/\/blog.liesdoch.de\/?p=7198"},"modified":"2019-02-19T15:08:55","modified_gmt":"2019-02-19T13:08:55","slug":"marktwirtschaft-reparieren","status":"publish","type":"post","link":"https:\/\/blog.liesdoch.de\/?p=7198","title":{"rendered":"Marktwirtschaft reparieren"},"content":{"rendered":"<p>&nbsp;<\/p>\n<p>&nbsp;<\/p>\n<p>&nbsp;<\/p>\n<p><a href=\"http:\/\/blog.liesdoch.de\/wp-content\/uploads\/2019\/02\/54457235n.jpg\"><img loading=\"lazy\" decoding=\"async\" class=\"alignnone size-medium wp-image-7199\" src=\"http:\/\/blog.liesdoch.de\/wp-content\/uploads\/2019\/02\/54457235n-191x300.jpg\" alt=\"\" width=\"191\" height=\"300\" srcset=\"https:\/\/blog.liesdoch.de\/wp-content\/uploads\/2019\/02\/54457235n-191x300.jpg 191w, https:\/\/blog.liesdoch.de\/wp-content\/uploads\/2019\/02\/54457235n.jpg 242w\" sizes=\"auto, (max-width: 191px) 100vw, 191px\" \/><\/a><\/p>\n<p>Oliver Richters, Andreas Siemoneit, Marktwirtschaft reparieren, Oekom 2019, ISBN 978-3-962380-99-1<\/p>\n<p>&nbsp;<\/p>\n<p>Dieses Buch denkt die Marktwirtschaft neu und versucht sie damit zu retten. Denn das, zu dem sich die soziale Marktwirtschaft in den letzten Jahrzehnten entwickelt hat, wird ihren eigentlich Sinn nicht mehr gerecht. Urspr\u00fcnglich als attraktive soziale Utopie gedacht, die Idee und Praxis einer gerechten Wirtschaftsordnung, in der Kooperation ohne zentrale Steuerung m\u00f6glich ist, hat sie sich in der Wirklichkeit des Kapitalismus ver\u00e4ndert. Leistungsgerechtigkeit, die Basis der Marktwirtschaft hat sich zugunsten weniger Privilegierter verzerrt, und der Wachstumszwang im Kapitalismus ist \u00f6kologisch verheerend. Immer mehr Menschen begreifen das in den letzten Jahren und erleben es in ihrem eigenen Leben.<\/p>\n<p>Wer etwa sein Einkommen Bodenspekulation oder Rohstoffverbrauch verdankt, bezieht leistungslose Einkommensanteile, und wer so m\u00e4chtig ist, dass er die Politik zu seinen Gunsten beeinflussen kann, entzieht sich den regulierenden Kr\u00e4ften des Marktes.<\/p>\n<p>&nbsp;<\/p>\n<p>Da sind nur einige der zahllosen Fehlentwicklungen die die Marktwirtschaft genommen hat und die das Buch\u00a0 \u00fcberzeugend benennt und beschreibt. Die Autoren sind \u00fcberzeugte Marktwirtschaftler. Deshalb propagieren sie angesichts der derzeitigen Schw\u00e4chen keine andere Wirtschaftsform, sondern sie entwickeln nachvollziehbar und auch f\u00fcr den Laien verst\u00e4ndlich Alternativen und formulieren L\u00f6sungen f\u00fcr eine gerechte und nachhaltige Marktwirtschaft.<\/p>\n<p>&nbsp;<\/p>\n<p>Der \u00fcberzeugende Entwurf einer freiheitlichen, gerechten und nachhaltigen Utopie.<\/p>\n<p>&nbsp;<\/p>\n<p>&nbsp;<\/p>\n","protected":false},"excerpt":{"rendered":"<p>&nbsp; &nbsp; &nbsp; Oliver Richters, Andreas Siemoneit, Marktwirtschaft reparieren, Oekom 2019, ISBN 978-3-962380-99-1 &nbsp; Dieses Buch denkt die Marktwirtschaft neu und versucht sie damit zu retten. Denn das, zu dem sich die soziale Marktwirtschaft in den letzten Jahrzehnten entwickelt hat, wird ihren eigentlich Sinn nicht mehr gerecht. Urspr\u00fcnglich als attraktive soziale Utopie gedacht, die Idee &hellip; <a href=\"https:\/\/blog.liesdoch.de\/?p=7198\" class=\"more-link\"><span class=\"screen-reader-text\">Marktwirtschaft reparieren<\/span> weiterlesen <span class=\"meta-nav\">&rarr;<\/span><\/a><\/p>\n","protected":false},"author":6,"featured_media":0,"comment_status":"closed","ping_status":"open","sticky":false,"template":"","format":"standard","meta":{"footnotes":""},"categories":[1],"tags":[],"class_list":["post-7198","post","type-post","status-publish","format-standard","hentry","category-allgemein"],"_links":{"self":[{"href":"https:\/\/blog.liesdoch.de\/index.php?rest_route=\/wp\/v2\/posts\/7198","targetHints":{"allow":["GET"]}}],"collection":[{"href":"https:\/\/blog.liesdoch.de\/index.php?rest_route=\/wp\/v2\/posts"}],"about":[{"href":"https:\/\/blog.liesdoch.de\/index.php?rest_route=\/wp\/v2\/types\/post"}],"author":[{"embeddable":true,"href":"https:\/\/blog.liesdoch.de\/index.php?rest_route=\/wp\/v2\/users\/6"}],"replies":[{"embeddable":true,"href":"https:\/\/blog.liesdoch.de\/index.php?rest_route=%2Fwp%2Fv2%2Fcomments&post=7198"}],"version-history":[{"count":1,"href":"https:\/\/blog.liesdoch.de\/index.php?rest_route=\/wp\/v2\/posts\/7198\/revisions"}],"predecessor-version":[{"id":7200,"href":"https:\/\/blog.liesdoch.de\/index.php?rest_route=\/wp\/v2\/posts\/7198\/revisions\/7200"}],"wp:attachment":[{"href":"https:\/\/blog.liesdoch.de\/index.php?rest_route=%2Fwp%2Fv2%2Fmedia&parent=7198"}],"wp:term":[{"taxonomy":"category","embeddable":true,"href":"https:\/\/blog.liesdoch.de\/index.php?rest_route=%2Fwp%2Fv2%2Fcategories&post=7198"},{"taxonomy":"post_tag","embeddable":true,"href":"https:\/\/blog.liesdoch.de\/index.php?rest_route=%2Fwp%2Fv2%2Ftags&post=7198"}],"curies":[{"name":"wp","href":"https:\/\/api.w.org\/{rel}","templated":true}]}}