{"id":7213,"date":"2019-02-25T13:41:37","date_gmt":"2019-02-25T11:41:37","guid":{"rendered":"http:\/\/blog.liesdoch.de\/?p=7213"},"modified":"2019-02-25T13:41:37","modified_gmt":"2019-02-25T11:41:37","slug":"wer-hat-die-haselnuss-geklaut-eine-raeubergeschichte","status":"publish","type":"post","link":"https:\/\/blog.liesdoch.de\/?p=7213","title":{"rendered":"Wer hat die Haselnuss geklaut. Eine R\u00e4ubergeschichte"},"content":{"rendered":"<p>&nbsp;<\/p>\n<p>&nbsp;<\/p>\n<p>&nbsp;<\/p>\n<p>&nbsp;<\/p>\n<p><a href=\"http:\/\/blog.liesdoch.de\/wp-content\/uploads\/2019\/02\/54466888n.jpg\"><img loading=\"lazy\" decoding=\"async\" class=\"alignnone size-medium wp-image-7214\" src=\"http:\/\/blog.liesdoch.de\/wp-content\/uploads\/2019\/02\/54466888n-233x300.jpg\" alt=\"\" width=\"233\" height=\"300\" srcset=\"https:\/\/blog.liesdoch.de\/wp-content\/uploads\/2019\/02\/54466888n-233x300.jpg 233w, https:\/\/blog.liesdoch.de\/wp-content\/uploads\/2019\/02\/54466888n.jpg 242w\" sizes=\"auto, (max-width: 233px) 100vw, 233px\" \/><\/a><\/p>\n<p>Marcus Pfister, Wer hat die Haselnuss geklaut. Eine R\u00e4ubergeschichte, NordS\u00fcd 2019, ISBN 978-3-314-10485-5<\/p>\n<p>&nbsp;<\/p>\n<p>Der Wald und die angrenzenden Wiesen liegen still und ruhig da, als ein schriller Schrei die Natur und alle Tiere durch Mark und Bein erschrickt:<\/p>\n<p>\u201eWer kann das blo\u00df gewesen sein!\u201c schreit das Eichh\u00f6rnchen un\u00fcberh\u00f6rbar. Seine N\u00fcsse, die es doch so sorgsam versteckt hatte, liegen nicht mehr im ihrem Versteck. Ihm ist sofort klar: jemand hat sie gestohlen. Nur welches der Tiere es war, kann es noch nicht sagen.<\/p>\n<p>Sie verd\u00e4chtigt den Maulwurf, die Maus, den Hasen, den Hamster und den Fuchs, aber alle, erstaunlich wenig erz\u00fcrnt \u00fcber den unerh\u00f6rten Verdacht, antworten unisono:\u00a0 \u201eIch hab die N\u00fcsse nicht geklaut!\u201c<\/p>\n<p>&nbsp;<\/p>\n<p>Als ihm der Fuchs sagt, es solle schnell verschwinden, zieht das Eichh\u00f6rnchen deprimiert ab. Doch da entdeckt es etwas:<\/p>\n<p>\u201eDoch halt! Was liegt denn da im Laub?<\/p>\n<p>Drei N\u00fcsse? Was, das war kein Raub?<\/p>\n<p>Das ist jetzt aber etwas peinlich,<\/p>\n<p>denn es ja doch sehr wahrscheinlich,<\/p>\n<p>dass es sie selbst verloren hat \u2013 und gar ein andrer Schuld dran hat\u2026\u201c<\/p>\n<p>&nbsp;<\/p>\n<p>Die verd\u00e4chtigten Tiere sind ziemlich emp\u00f6rt und auch die Entschuldigung des H\u00f6rnchens bleibt etwas blass. Doch die Kinder, denen man dieses wunderbare beschwingt erz\u00e4hlte und toll illustrierte Bilderbuch von Marcus Pfister vorliest (ab etwa 3 Jahren) werden das anders sehen.<\/p>\n<p>&nbsp;<\/p>\n<p>&nbsp;<\/p>\n<p>&nbsp;<\/p>\n<p>&nbsp;<\/p>\n<p>&nbsp;<\/p>\n","protected":false},"excerpt":{"rendered":"<p>&nbsp; &nbsp; &nbsp; &nbsp; Marcus Pfister, Wer hat die Haselnuss geklaut. Eine R\u00e4ubergeschichte, NordS\u00fcd 2019, ISBN 978-3-314-10485-5 &nbsp; Der Wald und die angrenzenden Wiesen liegen still und ruhig da, als ein schriller Schrei die Natur und alle Tiere durch Mark und Bein erschrickt: \u201eWer kann das blo\u00df gewesen sein!\u201c schreit das Eichh\u00f6rnchen un\u00fcberh\u00f6rbar. Seine N\u00fcsse, &hellip; <a href=\"https:\/\/blog.liesdoch.de\/?p=7213\" class=\"more-link\"><span class=\"screen-reader-text\">Wer hat die Haselnuss geklaut. Eine R\u00e4ubergeschichte<\/span> weiterlesen <span class=\"meta-nav\">&rarr;<\/span><\/a><\/p>\n","protected":false},"author":6,"featured_media":0,"comment_status":"closed","ping_status":"open","sticky":false,"template":"","format":"standard","meta":{"footnotes":""},"categories":[1],"tags":[],"class_list":["post-7213","post","type-post","status-publish","format-standard","hentry","category-allgemein"],"_links":{"self":[{"href":"https:\/\/blog.liesdoch.de\/index.php?rest_route=\/wp\/v2\/posts\/7213","targetHints":{"allow":["GET"]}}],"collection":[{"href":"https:\/\/blog.liesdoch.de\/index.php?rest_route=\/wp\/v2\/posts"}],"about":[{"href":"https:\/\/blog.liesdoch.de\/index.php?rest_route=\/wp\/v2\/types\/post"}],"author":[{"embeddable":true,"href":"https:\/\/blog.liesdoch.de\/index.php?rest_route=\/wp\/v2\/users\/6"}],"replies":[{"embeddable":true,"href":"https:\/\/blog.liesdoch.de\/index.php?rest_route=%2Fwp%2Fv2%2Fcomments&post=7213"}],"version-history":[{"count":1,"href":"https:\/\/blog.liesdoch.de\/index.php?rest_route=\/wp\/v2\/posts\/7213\/revisions"}],"predecessor-version":[{"id":7215,"href":"https:\/\/blog.liesdoch.de\/index.php?rest_route=\/wp\/v2\/posts\/7213\/revisions\/7215"}],"wp:attachment":[{"href":"https:\/\/blog.liesdoch.de\/index.php?rest_route=%2Fwp%2Fv2%2Fmedia&parent=7213"}],"wp:term":[{"taxonomy":"category","embeddable":true,"href":"https:\/\/blog.liesdoch.de\/index.php?rest_route=%2Fwp%2Fv2%2Fcategories&post=7213"},{"taxonomy":"post_tag","embeddable":true,"href":"https:\/\/blog.liesdoch.de\/index.php?rest_route=%2Fwp%2Fv2%2Ftags&post=7213"}],"curies":[{"name":"wp","href":"https:\/\/api.w.org\/{rel}","templated":true}]}}