{"id":7219,"date":"2019-02-25T13:42:40","date_gmt":"2019-02-25T11:42:40","guid":{"rendered":"http:\/\/blog.liesdoch.de\/?p=7219"},"modified":"2019-02-25T13:42:40","modified_gmt":"2019-02-25T11:42:40","slug":"ida-und-der-fliegende-wal","status":"publish","type":"post","link":"https:\/\/blog.liesdoch.de\/?p=7219","title":{"rendered":"Ida und der fliegende Wal"},"content":{"rendered":"<p>&nbsp;<\/p>\n<p>&nbsp;<\/p>\n<p><a href=\"http:\/\/blog.liesdoch.de\/wp-content\/uploads\/2019\/02\/52438319n.jpg\"><img loading=\"lazy\" decoding=\"async\" class=\"alignnone size-full wp-image-7220\" src=\"http:\/\/blog.liesdoch.de\/wp-content\/uploads\/2019\/02\/52438319n.jpg\" alt=\"\" width=\"242\" height=\"239\" \/><\/a><\/p>\n<p>Rebecca Gugger, Simon R\u00f6thlisberger, Ida und der fliegende Wal, NordS\u00fcd Verlag 2018, ISBN 978-3-314-10446-6<\/p>\n<p>&nbsp;<\/p>\n<p>Ida, die Hauptfigur des vorliegenden wundersch\u00f6nen Bilderbuchs von Rebecca Gugger mit Illustrationen von Simon R\u00f6thlisberger, ist ein kleines rothaariges M\u00e4dchen. Wie die meisten Kinder im Kindergartenalter ist sie neugierig und hat unendlich viele Fragen.<\/p>\n<p>&nbsp;<\/p>\n<p>Und so sitzt sie auf der ersten Doppelseite in ihrem niedlichen Baumhaus mitten im Wald (welches Kind m\u00f6chte so etwas nicht haben?) und fragt sich, was wohl hinter der Sonne, dem Mond und den Sternen sein mag.<\/p>\n<p>&nbsp;<br \/>\nEines Nachts wacht Ida von einem ungew\u00f6hnlichen Ger\u00e4usch auf.\u00a0 Die W\u00e4nde ihres kleinen Holzhauses wackeln besorgniserregend. Ein fliegender Wal hat sich in den B\u00e4umen verlaufen und hat die\u00a0 Bretterw\u00e4nde ihres Baumhauses gerammt.<\/p>\n<p>&nbsp;<\/p>\n<p>Ida f\u00e4llt durch die Ersch\u00fctterung\u00a0 aus dem Bett. Noch sehr verschlafen, fast im Traum, l\u00e4sst sich Ida auf die Einladung des Wals zu einer fantastischen Reise ein. Auf dem R\u00fccken des Wals fliegt Ida zu den Sternen.<\/p>\n<p>Ida lernt bei dieser Reise viel ihr bisher Unbekanntes kennen. Doch neben den Reiseerlebnissen sind die Gespr\u00e4che des M\u00e4dchens mit dem Wal das Herzst\u00fccks dieses Bilderbuchs, bei denen es um Bekanntes und Fremdes geht. Eine ungleiche, wenn auch tiefe Freundschaft entsteht zwischen den beiden und sie nennt den Wal liebevoll \u201e,mein fliegender Koloss\u201c.<\/p>\n<p>&nbsp;<\/p>\n<p>Der Flug durch die Wolken f\u00fchrt Ida an den Ort, wo die Erde auf dem Kopf steht. Was ist oben, was ist unten? Was ist verkehrt, was ist normal? Der Wal schl\u00e4gt vor, daf\u00fcr einen Perspektivwechsel vorzunehmen, einfach mal selber auf dem Kopf zu stehen, um dies herauszubekommen.<\/p>\n<p>Am Ende der ihrer Reise erkl\u00e4rt der l\u00e4chelnde Wal Ida, was Freundschaft ist: \u201eManchmal, da schweigt man zusammen. Manchmal, da verliert man sich aus den Augen. Aber trotzdem ist man nah \u2012 die ganze Zeit schon!\u201c<\/p>\n<p>Eine wunderbare und fantasievolle Geschichte \u00fcber eine ungleiche Freundschaft.<\/p>\n<p>&nbsp;<\/p>\n","protected":false},"excerpt":{"rendered":"<p>&nbsp; &nbsp; Rebecca Gugger, Simon R\u00f6thlisberger, Ida und der fliegende Wal, NordS\u00fcd Verlag 2018, ISBN 978-3-314-10446-6 &nbsp; Ida, die Hauptfigur des vorliegenden wundersch\u00f6nen Bilderbuchs von Rebecca Gugger mit Illustrationen von Simon R\u00f6thlisberger, ist ein kleines rothaariges M\u00e4dchen. Wie die meisten Kinder im Kindergartenalter ist sie neugierig und hat unendlich viele Fragen. &nbsp; Und so sitzt &hellip; <a href=\"https:\/\/blog.liesdoch.de\/?p=7219\" class=\"more-link\"><span class=\"screen-reader-text\">Ida und der fliegende Wal<\/span> weiterlesen <span class=\"meta-nav\">&rarr;<\/span><\/a><\/p>\n","protected":false},"author":6,"featured_media":0,"comment_status":"closed","ping_status":"open","sticky":false,"template":"","format":"standard","meta":{"footnotes":""},"categories":[1],"tags":[],"class_list":["post-7219","post","type-post","status-publish","format-standard","hentry","category-allgemein"],"_links":{"self":[{"href":"https:\/\/blog.liesdoch.de\/index.php?rest_route=\/wp\/v2\/posts\/7219","targetHints":{"allow":["GET"]}}],"collection":[{"href":"https:\/\/blog.liesdoch.de\/index.php?rest_route=\/wp\/v2\/posts"}],"about":[{"href":"https:\/\/blog.liesdoch.de\/index.php?rest_route=\/wp\/v2\/types\/post"}],"author":[{"embeddable":true,"href":"https:\/\/blog.liesdoch.de\/index.php?rest_route=\/wp\/v2\/users\/6"}],"replies":[{"embeddable":true,"href":"https:\/\/blog.liesdoch.de\/index.php?rest_route=%2Fwp%2Fv2%2Fcomments&post=7219"}],"version-history":[{"count":1,"href":"https:\/\/blog.liesdoch.de\/index.php?rest_route=\/wp\/v2\/posts\/7219\/revisions"}],"predecessor-version":[{"id":7221,"href":"https:\/\/blog.liesdoch.de\/index.php?rest_route=\/wp\/v2\/posts\/7219\/revisions\/7221"}],"wp:attachment":[{"href":"https:\/\/blog.liesdoch.de\/index.php?rest_route=%2Fwp%2Fv2%2Fmedia&parent=7219"}],"wp:term":[{"taxonomy":"category","embeddable":true,"href":"https:\/\/blog.liesdoch.de\/index.php?rest_route=%2Fwp%2Fv2%2Fcategories&post=7219"},{"taxonomy":"post_tag","embeddable":true,"href":"https:\/\/blog.liesdoch.de\/index.php?rest_route=%2Fwp%2Fv2%2Ftags&post=7219"}],"curies":[{"name":"wp","href":"https:\/\/api.w.org\/{rel}","templated":true}]}}