{"id":7229,"date":"2019-02-27T14:45:41","date_gmt":"2019-02-27T12:45:41","guid":{"rendered":"http:\/\/blog.liesdoch.de\/?p=7229"},"modified":"2019-02-27T14:45:41","modified_gmt":"2019-02-27T12:45:41","slug":"muell-alles-ueber-die-laestigste-sache-der-welt","status":"publish","type":"post","link":"https:\/\/blog.liesdoch.de\/?p=7229","title":{"rendered":"M\u00fcll. Alles \u00fcber die l\u00e4stigste Sache der Welt"},"content":{"rendered":"<p>&nbsp;<\/p>\n<p><a href=\"http:\/\/blog.liesdoch.de\/wp-content\/uploads\/2019\/02\/54452747n.jpg\"><img loading=\"lazy\" decoding=\"async\" class=\"alignnone size-medium wp-image-7230\" src=\"http:\/\/blog.liesdoch.de\/wp-content\/uploads\/2019\/02\/54452747n-228x300.jpg\" alt=\"\" width=\"228\" height=\"300\" srcset=\"https:\/\/blog.liesdoch.de\/wp-content\/uploads\/2019\/02\/54452747n-228x300.jpg 228w, https:\/\/blog.liesdoch.de\/wp-content\/uploads\/2019\/02\/54452747n.jpg 242w\" sizes=\"auto, (max-width: 228px) 100vw, 228px\" \/><\/a><\/p>\n<p>Gerda Raidt, M\u00fcll. Alles \u00fcber die l\u00e4stigste Sache der Welt, Beltz &amp; Gelberg 2019, ISBN 978-3-407-81215-5<\/p>\n<p>&nbsp;<\/p>\n<p>So wie ich als 1954 geborener Mensch in meiner Kindheit und Jugend mit den unsichtbaren Bedrohungen des Kalten Krieges aufwuchs (ich erinnere mich noch geradezu k\u00f6rperlich dran, wie ich die Angst meiner Familie w\u00e4hrend der Kubakrise gesp\u00fcrt habe), so sehen sich heute schon viel kleinere Kinder aber erst recht die Jugendlichen mit zahllosen Umweltproblemen konfrontiert, von denen der Klimawandel durch die unkontrollierte Erderw\u00e4rmung nur eines von vielen ist.<\/p>\n<p>&nbsp;<\/p>\n<p>Die schwedische Sch\u00fclerin Greta Thunberg ist f\u00fcr zahllose Sch\u00fcler in aller Welt zum Vorbild geworden, wenn sie freitags f\u00fcr das Klima demonstrieren.<\/p>\n<p>&nbsp;<\/p>\n<p>Doch nicht nur das steigende Klima droht der Menschheit die Lebensgrundlagen zu nehmen, sondern auch der wachsende Berg von M\u00fcll, bei dem die riesigen Menschen von Plastik in den Weltmeeren nur eines von zahllosen Problemen ist.<\/p>\n<p>&nbsp;<\/p>\n<p>Doch was ist eigentlich M\u00fcll, wo f\u00e4llt er \u00fcberall an, wie wird er entsorgt und behandelt und welche M\u00f6glichkeiten des m\u00fcllvermeidenden Handelns gibt es?<\/p>\n<p>&nbsp;<\/p>\n<p>Das vorliegende Buch von Gerda Raidt, das sie auch sehr ansprechend selbst illustriert hat, gibt Kindern ab der 3. Klasse etwa und Jugendlichen alle wichtigen Informationen \u00fcber \u201edie l\u00e4stigste Sache der Welt.\u201c<\/p>\n<p>&nbsp;<\/p>\n<p>Ein wichtiges und hervorragend gemachtes Sachbilderbuch.<\/p>\n","protected":false},"excerpt":{"rendered":"<p>&nbsp; Gerda Raidt, M\u00fcll. Alles \u00fcber die l\u00e4stigste Sache der Welt, Beltz &amp; Gelberg 2019, ISBN 978-3-407-81215-5 &nbsp; So wie ich als 1954 geborener Mensch in meiner Kindheit und Jugend mit den unsichtbaren Bedrohungen des Kalten Krieges aufwuchs (ich erinnere mich noch geradezu k\u00f6rperlich dran, wie ich die Angst meiner Familie w\u00e4hrend der Kubakrise gesp\u00fcrt &hellip; <a href=\"https:\/\/blog.liesdoch.de\/?p=7229\" class=\"more-link\"><span class=\"screen-reader-text\">M\u00fcll. Alles \u00fcber die l\u00e4stigste Sache der Welt<\/span> weiterlesen <span class=\"meta-nav\">&rarr;<\/span><\/a><\/p>\n","protected":false},"author":6,"featured_media":0,"comment_status":"closed","ping_status":"open","sticky":false,"template":"","format":"standard","meta":{"footnotes":""},"categories":[1],"tags":[],"class_list":["post-7229","post","type-post","status-publish","format-standard","hentry","category-allgemein"],"_links":{"self":[{"href":"https:\/\/blog.liesdoch.de\/index.php?rest_route=\/wp\/v2\/posts\/7229","targetHints":{"allow":["GET"]}}],"collection":[{"href":"https:\/\/blog.liesdoch.de\/index.php?rest_route=\/wp\/v2\/posts"}],"about":[{"href":"https:\/\/blog.liesdoch.de\/index.php?rest_route=\/wp\/v2\/types\/post"}],"author":[{"embeddable":true,"href":"https:\/\/blog.liesdoch.de\/index.php?rest_route=\/wp\/v2\/users\/6"}],"replies":[{"embeddable":true,"href":"https:\/\/blog.liesdoch.de\/index.php?rest_route=%2Fwp%2Fv2%2Fcomments&post=7229"}],"version-history":[{"count":1,"href":"https:\/\/blog.liesdoch.de\/index.php?rest_route=\/wp\/v2\/posts\/7229\/revisions"}],"predecessor-version":[{"id":7231,"href":"https:\/\/blog.liesdoch.de\/index.php?rest_route=\/wp\/v2\/posts\/7229\/revisions\/7231"}],"wp:attachment":[{"href":"https:\/\/blog.liesdoch.de\/index.php?rest_route=%2Fwp%2Fv2%2Fmedia&parent=7229"}],"wp:term":[{"taxonomy":"category","embeddable":true,"href":"https:\/\/blog.liesdoch.de\/index.php?rest_route=%2Fwp%2Fv2%2Fcategories&post=7229"},{"taxonomy":"post_tag","embeddable":true,"href":"https:\/\/blog.liesdoch.de\/index.php?rest_route=%2Fwp%2Fv2%2Ftags&post=7229"}],"curies":[{"name":"wp","href":"https:\/\/api.w.org\/{rel}","templated":true}]}}