{"id":7232,"date":"2019-02-27T14:46:14","date_gmt":"2019-02-27T12:46:14","guid":{"rendered":"http:\/\/blog.liesdoch.de\/?p=7232"},"modified":"2019-02-27T14:46:14","modified_gmt":"2019-02-27T12:46:14","slug":"opa-rainer-weiss-nicht-mehr","status":"publish","type":"post","link":"https:\/\/blog.liesdoch.de\/?p=7232","title":{"rendered":"Opa Rainer wei\u00df nicht mehr"},"content":{"rendered":"<p>&nbsp;<\/p>\n<p>&nbsp;<\/p>\n<p><a href=\"http:\/\/blog.liesdoch.de\/wp-content\/uploads\/2019\/02\/52473305n.jpg\"><img loading=\"lazy\" decoding=\"async\" class=\"alignnone size-full wp-image-7233\" src=\"http:\/\/blog.liesdoch.de\/wp-content\/uploads\/2019\/02\/52473305n.jpg\" alt=\"\" width=\"242\" height=\"295\" \/><\/a><\/p>\n<p>Kirsten Jahn, Katja Gehrmann, Opa Rainer wei\u00df nicht mehr, Knesebeck 2018, ISBN 978-3-95728-064-0<\/p>\n<p>&nbsp;<\/p>\n<p>Das vorliegende Bilderbuch von Kirsten Jahn, das Katja Gehrmann sehr warmherzig illustriert hat, erz\u00e4hlt davon, wie die Grundsch\u00fclerin Mia und ihr kleiner Bruder Paul erleben, wie ihr geliebter Opa immer vergesslicher wird und sich ver\u00e4ndert.<\/p>\n<p>&nbsp;<\/p>\n<p>Fr\u00fcher hat Mia mit ihm Wettl\u00e4ufe gemacht, wenn er sie in die Schule gebracht hat. Aber seit einiger Zeit ist der Opa komisch geworden, er wei\u00df die einfachsten Sachen nicht mehr, wo seine Schuhe sind, warum der Wasserkocher einen Stecker hat, oder wie man ein Unterhemd anziehen soll. Und schlie\u00dflich erkennt er Mia und Paul nicht mehr\u2026<\/p>\n<p>&nbsp;<\/p>\n<p>In diesem sehr gut gemachten Buch lernt Mia schrittweise mit der Krankheit des Gro\u00dfvaters umzugehen. Sie lernt ihn zu unterst\u00fctzen und auch etwas dar\u00fcber, was die Krankheit f\u00fcr den Opa selbst bedeutet.<\/p>\n<p>&nbsp;<\/p>\n<p>Auf eine einf\u00fchlsame Weise schafft es das Buch in Wort und Bild, Kindern dieses aktuelle und sensible Thema nahezubringen.<\/p>\n<p>&nbsp;<\/p>\n<p>Sehr empfehlenswert.<\/p>\n","protected":false},"excerpt":{"rendered":"<p>&nbsp; &nbsp; Kirsten Jahn, Katja Gehrmann, Opa Rainer wei\u00df nicht mehr, Knesebeck 2018, ISBN 978-3-95728-064-0 &nbsp; Das vorliegende Bilderbuch von Kirsten Jahn, das Katja Gehrmann sehr warmherzig illustriert hat, erz\u00e4hlt davon, wie die Grundsch\u00fclerin Mia und ihr kleiner Bruder Paul erleben, wie ihr geliebter Opa immer vergesslicher wird und sich ver\u00e4ndert. &nbsp; Fr\u00fcher hat Mia &hellip; <a href=\"https:\/\/blog.liesdoch.de\/?p=7232\" class=\"more-link\"><span class=\"screen-reader-text\">Opa Rainer wei\u00df nicht mehr<\/span> weiterlesen <span class=\"meta-nav\">&rarr;<\/span><\/a><\/p>\n","protected":false},"author":6,"featured_media":0,"comment_status":"closed","ping_status":"open","sticky":false,"template":"","format":"standard","meta":{"footnotes":""},"categories":[1],"tags":[],"class_list":["post-7232","post","type-post","status-publish","format-standard","hentry","category-allgemein"],"_links":{"self":[{"href":"https:\/\/blog.liesdoch.de\/index.php?rest_route=\/wp\/v2\/posts\/7232","targetHints":{"allow":["GET"]}}],"collection":[{"href":"https:\/\/blog.liesdoch.de\/index.php?rest_route=\/wp\/v2\/posts"}],"about":[{"href":"https:\/\/blog.liesdoch.de\/index.php?rest_route=\/wp\/v2\/types\/post"}],"author":[{"embeddable":true,"href":"https:\/\/blog.liesdoch.de\/index.php?rest_route=\/wp\/v2\/users\/6"}],"replies":[{"embeddable":true,"href":"https:\/\/blog.liesdoch.de\/index.php?rest_route=%2Fwp%2Fv2%2Fcomments&post=7232"}],"version-history":[{"count":1,"href":"https:\/\/blog.liesdoch.de\/index.php?rest_route=\/wp\/v2\/posts\/7232\/revisions"}],"predecessor-version":[{"id":7234,"href":"https:\/\/blog.liesdoch.de\/index.php?rest_route=\/wp\/v2\/posts\/7232\/revisions\/7234"}],"wp:attachment":[{"href":"https:\/\/blog.liesdoch.de\/index.php?rest_route=%2Fwp%2Fv2%2Fmedia&parent=7232"}],"wp:term":[{"taxonomy":"category","embeddable":true,"href":"https:\/\/blog.liesdoch.de\/index.php?rest_route=%2Fwp%2Fv2%2Fcategories&post=7232"},{"taxonomy":"post_tag","embeddable":true,"href":"https:\/\/blog.liesdoch.de\/index.php?rest_route=%2Fwp%2Fv2%2Ftags&post=7232"}],"curies":[{"name":"wp","href":"https:\/\/api.w.org\/{rel}","templated":true}]}}