{"id":725,"date":"2015-11-02T13:47:37","date_gmt":"2015-11-02T11:47:37","guid":{"rendered":"http:\/\/blog.liesdoch.de\/?p=725"},"modified":"2015-11-02T13:47:37","modified_gmt":"2015-11-02T11:47:37","slug":"riesenkrach-unterm-blaetterdach","status":"publish","type":"post","link":"https:\/\/blog.liesdoch.de\/?p=725","title":{"rendered":"Riesenkrach unterm Bl\u00e4tterdach"},"content":{"rendered":"<p>&nbsp;<\/p>\n<p><a href=\"http:\/\/blog.liesdoch.de\/wp-content\/uploads\/2015\/11\/41950026z.jpg\"><img loading=\"lazy\" decoding=\"async\" class=\"alignnone size-medium wp-image-726\" src=\"http:\/\/blog.liesdoch.de\/wp-content\/uploads\/2015\/11\/41950026z-238x300.jpg\" alt=\"41950026z\" width=\"238\" height=\"300\" srcset=\"https:\/\/blog.liesdoch.de\/wp-content\/uploads\/2015\/11\/41950026z-238x300.jpg 238w, https:\/\/blog.liesdoch.de\/wp-content\/uploads\/2015\/11\/41950026z.jpg 334w\" sizes=\"auto, (max-width: 238px) 100vw, 238px\" \/><\/a><\/p>\n<p>&nbsp;<\/p>\n<p>Peter Engel, Riesenkrach unterm Bl\u00e4tterdach, Lappan 2015, ISBN 978-3-8303-1230-7<\/p>\n<p>&nbsp;<\/p>\n<p>&nbsp;<\/p>\n<p>Die alte Buche ist gef\u00e4llt worden. \u00dcber eine lange Zeit war sie das Zuhause und die Heimat von Familie Specht. Nun m\u00fcssen sie sich (Vater, Mutter und zwei Kinder) eine neue Bleibe suchen. Da kommt es gerade recht, dass Herr Eichhorn auf seinem Baum den 4. Ast von oben vermieten will: \u201eEs ist der sch\u00f6nste Ast am Baum! S\u00fcdseite! Fast vier Meter lang, Holzboden und eigener Landeplatz!\u201c<\/p>\n<p>Alle sind zufrieden. Doch bald schon beginnt der \u00c4rger. Denn: \u201eWie wir alle wissen: ein Specht macht`s seinen Nachbarn selten recht.\u201c W\u00e4hrend Familie Specht mit Eifer an der Rinde des Baums klopft und nach Nahrung sucht, regen sich die anderen Bewohner des gro\u00dfen Baumes auf. Emmi Amsel, eine ber\u00fchmte S\u00e4ngerin, f\u00fchlt sich in ihrem Sch\u00f6nheitsschlaf gest\u00f6rt, bei Familie Spatz k\u00f6nnen die Kinder nicht schlafen. Auch die Mausfamilie in den Wurzeln des Baums ist emp\u00f6rt \u00fcber den L\u00e4rm.<\/p>\n<p>\u201eRiesenkrach unterm Bl\u00e4tterdach!\u201c<\/p>\n<p>Doch Erich Eichhorn hat eine gute Idee. Er hat lange mit der Familie Specht gesprochen und ihnen vorgeschlagen, f\u00fcr alle ein Fest zu geben&#8230;.<\/p>\n<p>Wie k\u00f6nnen die Bewohner eines Hauses bei all ihrer Unterschiedlichkeit in ihren Lebensgewohnheiten und Lebensrhythmen dennoch gut miteinander auskommen? Wie k\u00f6nnen sie in Frieden miteinander leben und sogar Freude haben an ihrer vielf\u00e4ltigen Unterschiedlichkeit? Dieses witzig gezeichnete Bilderbuch von Peter Engel zeigt \u00fcberzeugend, wie das gelingen kann. Viele Kinder wohnen in H\u00e4usern mit anderen Familien zusammen und lernen schon fr\u00fch, wie man da aufeinander R\u00fccksicht nehmen muss. Die Idee, die Familie Specht hat, ist auf Menschenh\u00e4user durchaus \u00fcbertragbar. Warum nicht einmal versuchen?<\/p>\n","protected":false},"excerpt":{"rendered":"<p>&nbsp; &nbsp; Peter Engel, Riesenkrach unterm Bl\u00e4tterdach, Lappan 2015, ISBN 978-3-8303-1230-7 &nbsp; &nbsp; Die alte Buche ist gef\u00e4llt worden. \u00dcber eine lange Zeit war sie das Zuhause und die Heimat von Familie Specht. Nun m\u00fcssen sie sich (Vater, Mutter und zwei Kinder) eine neue Bleibe suchen. Da kommt es gerade recht, dass Herr Eichhorn auf &hellip; <a href=\"https:\/\/blog.liesdoch.de\/?p=725\" class=\"more-link\"><span class=\"screen-reader-text\">Riesenkrach unterm Bl\u00e4tterdach<\/span> weiterlesen <span class=\"meta-nav\">&rarr;<\/span><\/a><\/p>\n","protected":false},"author":6,"featured_media":0,"comment_status":"open","ping_status":"open","sticky":false,"template":"","format":"standard","meta":{"footnotes":""},"categories":[1],"tags":[33,260],"class_list":["post-725","post","type-post","status-publish","format-standard","hentry","category-allgemein","tag-bilderbuch","tag-unterschiedlichkeit"],"_links":{"self":[{"href":"https:\/\/blog.liesdoch.de\/index.php?rest_route=\/wp\/v2\/posts\/725","targetHints":{"allow":["GET"]}}],"collection":[{"href":"https:\/\/blog.liesdoch.de\/index.php?rest_route=\/wp\/v2\/posts"}],"about":[{"href":"https:\/\/blog.liesdoch.de\/index.php?rest_route=\/wp\/v2\/types\/post"}],"author":[{"embeddable":true,"href":"https:\/\/blog.liesdoch.de\/index.php?rest_route=\/wp\/v2\/users\/6"}],"replies":[{"embeddable":true,"href":"https:\/\/blog.liesdoch.de\/index.php?rest_route=%2Fwp%2Fv2%2Fcomments&post=725"}],"version-history":[{"count":1,"href":"https:\/\/blog.liesdoch.de\/index.php?rest_route=\/wp\/v2\/posts\/725\/revisions"}],"predecessor-version":[{"id":727,"href":"https:\/\/blog.liesdoch.de\/index.php?rest_route=\/wp\/v2\/posts\/725\/revisions\/727"}],"wp:attachment":[{"href":"https:\/\/blog.liesdoch.de\/index.php?rest_route=%2Fwp%2Fv2%2Fmedia&parent=725"}],"wp:term":[{"taxonomy":"category","embeddable":true,"href":"https:\/\/blog.liesdoch.de\/index.php?rest_route=%2Fwp%2Fv2%2Fcategories&post=725"},{"taxonomy":"post_tag","embeddable":true,"href":"https:\/\/blog.liesdoch.de\/index.php?rest_route=%2Fwp%2Fv2%2Ftags&post=725"}],"curies":[{"name":"wp","href":"https:\/\/api.w.org\/{rel}","templated":true}]}}