{"id":7260,"date":"2019-02-28T16:41:36","date_gmt":"2019-02-28T14:41:36","guid":{"rendered":"http:\/\/blog.liesdoch.de\/?p=7260"},"modified":"2019-02-28T16:41:36","modified_gmt":"2019-02-28T14:41:36","slug":"der-wolf-die-ente-die-maus","status":"publish","type":"post","link":"https:\/\/blog.liesdoch.de\/?p=7260","title":{"rendered":"Der Wolf, die Ente &amp; die Maus"},"content":{"rendered":"<p>&nbsp;<\/p>\n<p>&nbsp;<\/p>\n<p><a href=\"http:\/\/blog.liesdoch.de\/wp-content\/uploads\/2019\/02\/52437489n.jpg\"><img loading=\"lazy\" decoding=\"async\" class=\"alignnone size-medium wp-image-7261\" src=\"http:\/\/blog.liesdoch.de\/wp-content\/uploads\/2019\/02\/52437489n-232x300.jpg\" alt=\"\" width=\"232\" height=\"300\" srcset=\"https:\/\/blog.liesdoch.de\/wp-content\/uploads\/2019\/02\/52437489n-232x300.jpg 232w, https:\/\/blog.liesdoch.de\/wp-content\/uploads\/2019\/02\/52437489n.jpg 242w\" sizes=\"auto, (max-width: 232px) 100vw, 232px\" \/><\/a><\/p>\n<p>Mac Barnett, Jon Klassen, Der Wolf, die Ente &amp; die Maus, NordS\u00fcd Verlag 2018, ISBN 978-3-314-10440-4<\/p>\n<p>&nbsp;<\/p>\n<p>Ein fr\u00fcher Morgen mitten im Wald. Der Wolf trifft auf eine kleine Maus, und wie es so geht, er verschlingt sie. Im Bauch des Untiers f\u00e4ngt die Maus gleich an zu jammern und wird von einer Stimme zur Ruhe greifen. Die Stimme geh\u00f6rt einer Ente, die schon vor einiger Zeit vom Wolf gefressen wurde und es sich seitdem in seinen Bauch recht gem\u00fctlich gemacht.<\/p>\n<p>&nbsp;<\/p>\n<p>Die beiden lernen\u00a0 sich schnell kennen, unterhalten sich pr\u00e4chtig, essen sich t\u00fcchtig satt und philosophieren \u00fcber die Annehmlichkeiten des Gefressenwerdens.<br \/>\n&nbsp;<\/p>\n<p>Denn merke:\u00a0 wer bereits gefressen worden ist, braucht sich\u00a0 nicht mehr davor zu f\u00fcrchten. Am Ende gelingt es den beiden Komplizen sogar den Wolf vor einem J\u00e4ger zu retten und so ihr sicheres behagliches Zuhause zu verteidigen. Und der Wolf zeigt sich erkenntlich\u2026<\/p>\n<p>Der bekannte amerikanische Kinderbuchautor Mac Barnett hat ein witziges Bilderbuch geschrieben und Jon Klassen hat es mit gekonnter Reduktion und unvergleichlich scharfem Witz illustriert.<\/p>\n","protected":false},"excerpt":{"rendered":"<p>&nbsp; &nbsp; Mac Barnett, Jon Klassen, Der Wolf, die Ente &amp; die Maus, NordS\u00fcd Verlag 2018, ISBN 978-3-314-10440-4 &nbsp; Ein fr\u00fcher Morgen mitten im Wald. Der Wolf trifft auf eine kleine Maus, und wie es so geht, er verschlingt sie. Im Bauch des Untiers f\u00e4ngt die Maus gleich an zu jammern und wird von einer &hellip; <a href=\"https:\/\/blog.liesdoch.de\/?p=7260\" class=\"more-link\"><span class=\"screen-reader-text\">Der Wolf, die Ente &amp; die Maus<\/span> weiterlesen <span class=\"meta-nav\">&rarr;<\/span><\/a><\/p>\n","protected":false},"author":6,"featured_media":0,"comment_status":"closed","ping_status":"open","sticky":false,"template":"","format":"standard","meta":{"footnotes":""},"categories":[1],"tags":[],"class_list":["post-7260","post","type-post","status-publish","format-standard","hentry","category-allgemein"],"_links":{"self":[{"href":"https:\/\/blog.liesdoch.de\/index.php?rest_route=\/wp\/v2\/posts\/7260","targetHints":{"allow":["GET"]}}],"collection":[{"href":"https:\/\/blog.liesdoch.de\/index.php?rest_route=\/wp\/v2\/posts"}],"about":[{"href":"https:\/\/blog.liesdoch.de\/index.php?rest_route=\/wp\/v2\/types\/post"}],"author":[{"embeddable":true,"href":"https:\/\/blog.liesdoch.de\/index.php?rest_route=\/wp\/v2\/users\/6"}],"replies":[{"embeddable":true,"href":"https:\/\/blog.liesdoch.de\/index.php?rest_route=%2Fwp%2Fv2%2Fcomments&post=7260"}],"version-history":[{"count":1,"href":"https:\/\/blog.liesdoch.de\/index.php?rest_route=\/wp\/v2\/posts\/7260\/revisions"}],"predecessor-version":[{"id":7262,"href":"https:\/\/blog.liesdoch.de\/index.php?rest_route=\/wp\/v2\/posts\/7260\/revisions\/7262"}],"wp:attachment":[{"href":"https:\/\/blog.liesdoch.de\/index.php?rest_route=%2Fwp%2Fv2%2Fmedia&parent=7260"}],"wp:term":[{"taxonomy":"category","embeddable":true,"href":"https:\/\/blog.liesdoch.de\/index.php?rest_route=%2Fwp%2Fv2%2Fcategories&post=7260"},{"taxonomy":"post_tag","embeddable":true,"href":"https:\/\/blog.liesdoch.de\/index.php?rest_route=%2Fwp%2Fv2%2Ftags&post=7260"}],"curies":[{"name":"wp","href":"https:\/\/api.w.org\/{rel}","templated":true}]}}