{"id":7269,"date":"2019-02-28T16:44:02","date_gmt":"2019-02-28T14:44:02","guid":{"rendered":"http:\/\/blog.liesdoch.de\/?p=7269"},"modified":"2019-02-28T16:44:02","modified_gmt":"2019-02-28T14:44:02","slug":"als-der-trecker-kam-und-das-pferd-verschwand-landwirte-erinnern-sich","status":"publish","type":"post","link":"https:\/\/blog.liesdoch.de\/?p=7269","title":{"rendered":"Als der Trecker kam und das Pferd verschwand. Landwirte erinnern sich"},"content":{"rendered":"<p>&nbsp;<\/p>\n<p>&nbsp;<\/p>\n<p>&nbsp;<\/p>\n<p><a href=\"http:\/\/blog.liesdoch.de\/wp-content\/uploads\/2019\/02\/54350115n.jpg\"><img loading=\"lazy\" decoding=\"async\" class=\"alignnone size-full wp-image-7270\" src=\"http:\/\/blog.liesdoch.de\/wp-content\/uploads\/2019\/02\/54350115n.jpg\" alt=\"\" width=\"242\" height=\"218\" \/><\/a><\/p>\n<p>Marion Wilk, Ernst Matthiesen (Hg.), Als der Trecker kam und das Pferd verschwand. Landwirte erinnern sich, LV Verlag 2019, ISBN 978-3-7843-5608-2<\/p>\n<p>&nbsp;<\/p>\n<p>Waren in der Landwirtschaft unseres Landes\u00a0 in der ersten H\u00e4lfte des 20.Jahrhunderts starke und extra f\u00fcr die Feldarbeit gez\u00fcchtete Pferde noch unentbehrlich, wurde die Landwirtschaft in den Jahren nach 1950 und in den folgenden Jahrzehnte immer mehr durch die Vollmotorisierung vollst\u00e4ndig umgekrempelt. Immer mehr und immer gr\u00f6\u00dfere Traktoren wurden zugelassen und revolutionierten nicht die Feldarbeit sondern auch den Berufsalltag vieler Landwirte und ihrer Familien.<\/p>\n<p>&nbsp;<\/p>\n<p>Wie haben die Landwirte und ihre Familien diese Ver\u00e4nderungen erlebt? Welche Herausforderungen\u00a0 durch die neue Technik mussten bew\u00e4ltigt werden und wie sind die Bauern damit umgegangen, etwa durch die Gr\u00fcndung von Maschinenringen, die die enormen Investitionen f\u00fcr den Einzelnen finanzierbar machten?<\/p>\n<p>&nbsp;<\/p>\n<p>Die beiden Autoren des vorliegenden reich mit Originalfotografien bebilderten Buches haben bei ihren Recherchen mit drei der wenigen Zeitzeugen gesprochen, die diese Zeit noch pers\u00f6nlich erlebt haben.<\/p>\n<p>Rudolf Schwarting, Heinrich Fricke und Hermann Dieck lassen mit ihren kenntnisreichen und humorvollen Schilderungen diese Zeit und ihre kulturellen Umbr\u00fcche in der Landwirtschaft noch einmal lebendig werden.<\/p>\n<p>&nbsp;<\/p>\n<p>Ein Buch voller Erinnerungen Anekdoten und interessanten kulturgeschichtlichen Betrachtungen. Ein wichtiges Zeitzeugnis auch f\u00fcr Historiker lehrreich.<\/p>\n<p>&nbsp;<\/p>\n<p>&nbsp;<\/p>\n","protected":false},"excerpt":{"rendered":"<p>&nbsp; &nbsp; &nbsp; Marion Wilk, Ernst Matthiesen (Hg.), Als der Trecker kam und das Pferd verschwand. Landwirte erinnern sich, LV Verlag 2019, ISBN 978-3-7843-5608-2 &nbsp; Waren in der Landwirtschaft unseres Landes\u00a0 in der ersten H\u00e4lfte des 20.Jahrhunderts starke und extra f\u00fcr die Feldarbeit gez\u00fcchtete Pferde noch unentbehrlich, wurde die Landwirtschaft in den Jahren nach 1950 &hellip; <a href=\"https:\/\/blog.liesdoch.de\/?p=7269\" class=\"more-link\"><span class=\"screen-reader-text\">Als der Trecker kam und das Pferd verschwand. Landwirte erinnern sich<\/span> weiterlesen <span class=\"meta-nav\">&rarr;<\/span><\/a><\/p>\n","protected":false},"author":6,"featured_media":0,"comment_status":"closed","ping_status":"open","sticky":false,"template":"","format":"standard","meta":{"footnotes":""},"categories":[1],"tags":[],"class_list":["post-7269","post","type-post","status-publish","format-standard","hentry","category-allgemein"],"_links":{"self":[{"href":"https:\/\/blog.liesdoch.de\/index.php?rest_route=\/wp\/v2\/posts\/7269","targetHints":{"allow":["GET"]}}],"collection":[{"href":"https:\/\/blog.liesdoch.de\/index.php?rest_route=\/wp\/v2\/posts"}],"about":[{"href":"https:\/\/blog.liesdoch.de\/index.php?rest_route=\/wp\/v2\/types\/post"}],"author":[{"embeddable":true,"href":"https:\/\/blog.liesdoch.de\/index.php?rest_route=\/wp\/v2\/users\/6"}],"replies":[{"embeddable":true,"href":"https:\/\/blog.liesdoch.de\/index.php?rest_route=%2Fwp%2Fv2%2Fcomments&post=7269"}],"version-history":[{"count":1,"href":"https:\/\/blog.liesdoch.de\/index.php?rest_route=\/wp\/v2\/posts\/7269\/revisions"}],"predecessor-version":[{"id":7271,"href":"https:\/\/blog.liesdoch.de\/index.php?rest_route=\/wp\/v2\/posts\/7269\/revisions\/7271"}],"wp:attachment":[{"href":"https:\/\/blog.liesdoch.de\/index.php?rest_route=%2Fwp%2Fv2%2Fmedia&parent=7269"}],"wp:term":[{"taxonomy":"category","embeddable":true,"href":"https:\/\/blog.liesdoch.de\/index.php?rest_route=%2Fwp%2Fv2%2Fcategories&post=7269"},{"taxonomy":"post_tag","embeddable":true,"href":"https:\/\/blog.liesdoch.de\/index.php?rest_route=%2Fwp%2Fv2%2Ftags&post=7269"}],"curies":[{"name":"wp","href":"https:\/\/api.w.org\/{rel}","templated":true}]}}