{"id":7275,"date":"2019-02-28T16:45:39","date_gmt":"2019-02-28T14:45:39","guid":{"rendered":"http:\/\/blog.liesdoch.de\/?p=7275"},"modified":"2019-02-28T16:45:39","modified_gmt":"2019-02-28T14:45:39","slug":"ich-und-meine-angst","status":"publish","type":"post","link":"https:\/\/blog.liesdoch.de\/?p=7275","title":{"rendered":"Ich und meine Angst"},"content":{"rendered":"<p>&nbsp;<\/p>\n<p>&nbsp;<\/p>\n<p>&nbsp;<\/p>\n<p>&nbsp;<\/p>\n<p><a href=\"http:\/\/blog.liesdoch.de\/wp-content\/uploads\/2019\/02\/54465904n.jpg\"><img loading=\"lazy\" decoding=\"async\" class=\"alignnone size-full wp-image-7276\" src=\"http:\/\/blog.liesdoch.de\/wp-content\/uploads\/2019\/02\/54465904n.jpg\" alt=\"\" width=\"242\" height=\"274\" \/><\/a><\/p>\n<p>Francesca Sanna, Ich und meine Angst, NordS\u00fcd Verlag 2019, ISBN 978-3-314-10471-8<\/p>\n<p>&nbsp;<\/p>\n<p>Die in der Schweiz lebende Sardinierin Francesca Sanna hat 2016 mit ihrem ebenfalls bei NordS\u00fcd verlegten Bilderbuch \u201eDie Flucht\u201c ihr \u00fcberzeugendes Deb\u00fct gegeben und war damit\u00a0 2017 f\u00fcr den Deutschen Jugendliteraturpreis nominiert.<\/p>\n<p>&nbsp;<\/p>\n<p>Nachdem sie in der Zwischenzeit f\u00fcr den Atlantis Verlag zwei Bilderb\u00fccher geliefert hat, ist sie mit ihrem neuen Buch wieder bei NordS\u00fcd gelandet, wohl auch weil sie mit ihrer Geschichte \u201eIch und meine Angst\u201c direkt an die Erz\u00e4hlung des kleinen M\u00e4dchens aus \u201eDie Flucht\u201c anschlie\u00dft.<\/p>\n<p>&nbsp;<\/p>\n<p>Schon immer hatte das kleine M\u00e4dchen eine winzige Freundin namens Angst. Doch seit sie in das neue Land gekommen sind, ist aus der kleinen Angst eine gro\u00dfe geworden, die immer noch weiter w\u00e4chst. Besonders in der Schule wird das deutlich, wie die Angst das kleine M\u00e4dchen in seinen Klauen hat. Tags\u00fcber kann sie sich nicht konzentrieren und nachts l\u00e4sst die gro\u00dfe Angst nicht schlafen.<\/p>\n<p>&nbsp;<\/p>\n<p>Als sich eines Tages ein Junge ihr n\u00e4hert, sie zusammen zeichnen und er dann, nachdem sie auf den Spielplatz gegangen sind, einem bellenden Hund mit lauter Stimme ausweicht, da sp\u00fcrt das M\u00e4dchen, dass auch er so wie sie selbst eine geheime Angst hat.<\/p>\n<p>&nbsp;<\/p>\n<p>Francesca Sanna zeigt in ihren Bildern sehr ausdrucksstark, wie mit wachsendem Kontakt zu anderen die als wei\u00dfes Gespenst gezeichnete Angst immer kleiner wird.<\/p>\n<p>\u201eEs ist immer noch nicht leicht, alles zu verstehen. Aber mir ist aufgefallen, dass auch alle anderen Kinder \u00c4ngste haben\u2026\u201c<\/p>\n<p>&nbsp;<\/p>\n<p>In einem pers\u00f6nlich Nachwort erz\u00e4hlt Francesca Sanna davon, wie ihre eigene Angst sie fast hinderte, das Buch fertigzustellen und wie ihr die vielen Kinder aus fremden L\u00e4ndern, mit denen sie in Schule und Bibliotheken gesprochen hat, dabei geholfen haben, sie zu \u00fcberwinde<\/p>\n","protected":false},"excerpt":{"rendered":"<p>&nbsp; &nbsp; &nbsp; &nbsp; Francesca Sanna, Ich und meine Angst, NordS\u00fcd Verlag 2019, ISBN 978-3-314-10471-8 &nbsp; Die in der Schweiz lebende Sardinierin Francesca Sanna hat 2016 mit ihrem ebenfalls bei NordS\u00fcd verlegten Bilderbuch \u201eDie Flucht\u201c ihr \u00fcberzeugendes Deb\u00fct gegeben und war damit\u00a0 2017 f\u00fcr den Deutschen Jugendliteraturpreis nominiert. &nbsp; Nachdem sie in der Zwischenzeit f\u00fcr &hellip; <a href=\"https:\/\/blog.liesdoch.de\/?p=7275\" class=\"more-link\"><span class=\"screen-reader-text\">Ich und meine Angst<\/span> weiterlesen <span class=\"meta-nav\">&rarr;<\/span><\/a><\/p>\n","protected":false},"author":6,"featured_media":0,"comment_status":"closed","ping_status":"open","sticky":false,"template":"","format":"standard","meta":{"footnotes":""},"categories":[1],"tags":[],"class_list":["post-7275","post","type-post","status-publish","format-standard","hentry","category-allgemein"],"_links":{"self":[{"href":"https:\/\/blog.liesdoch.de\/index.php?rest_route=\/wp\/v2\/posts\/7275","targetHints":{"allow":["GET"]}}],"collection":[{"href":"https:\/\/blog.liesdoch.de\/index.php?rest_route=\/wp\/v2\/posts"}],"about":[{"href":"https:\/\/blog.liesdoch.de\/index.php?rest_route=\/wp\/v2\/types\/post"}],"author":[{"embeddable":true,"href":"https:\/\/blog.liesdoch.de\/index.php?rest_route=\/wp\/v2\/users\/6"}],"replies":[{"embeddable":true,"href":"https:\/\/blog.liesdoch.de\/index.php?rest_route=%2Fwp%2Fv2%2Fcomments&post=7275"}],"version-history":[{"count":1,"href":"https:\/\/blog.liesdoch.de\/index.php?rest_route=\/wp\/v2\/posts\/7275\/revisions"}],"predecessor-version":[{"id":7277,"href":"https:\/\/blog.liesdoch.de\/index.php?rest_route=\/wp\/v2\/posts\/7275\/revisions\/7277"}],"wp:attachment":[{"href":"https:\/\/blog.liesdoch.de\/index.php?rest_route=%2Fwp%2Fv2%2Fmedia&parent=7275"}],"wp:term":[{"taxonomy":"category","embeddable":true,"href":"https:\/\/blog.liesdoch.de\/index.php?rest_route=%2Fwp%2Fv2%2Fcategories&post=7275"},{"taxonomy":"post_tag","embeddable":true,"href":"https:\/\/blog.liesdoch.de\/index.php?rest_route=%2Fwp%2Fv2%2Ftags&post=7275"}],"curies":[{"name":"wp","href":"https:\/\/api.w.org\/{rel}","templated":true}]}}