{"id":7278,"date":"2019-02-28T16:46:33","date_gmt":"2019-02-28T14:46:33","guid":{"rendered":"http:\/\/blog.liesdoch.de\/?p=7278"},"modified":"2019-02-28T16:46:33","modified_gmt":"2019-02-28T14:46:33","slug":"amsel-und-papagei","status":"publish","type":"post","link":"https:\/\/blog.liesdoch.de\/?p=7278","title":{"rendered":"Amsel und Papagei"},"content":{"rendered":"<p>&nbsp;<\/p>\n<p>&nbsp;<\/p>\n<p>&nbsp;<\/p>\n<p><a href=\"http:\/\/blog.liesdoch.de\/wp-content\/uploads\/2019\/02\/54105664n.jpg\"><img loading=\"lazy\" decoding=\"async\" class=\"alignnone size-medium wp-image-7279\" src=\"http:\/\/blog.liesdoch.de\/wp-content\/uploads\/2019\/02\/54105664n-235x300.jpg\" alt=\"\" width=\"235\" height=\"300\" srcset=\"https:\/\/blog.liesdoch.de\/wp-content\/uploads\/2019\/02\/54105664n-235x300.jpg 235w, https:\/\/blog.liesdoch.de\/wp-content\/uploads\/2019\/02\/54105664n.jpg 242w\" sizes=\"auto, (max-width: 235px) 100vw, 235px\" \/><\/a><\/p>\n<p>Antonie Schneider, Jana Walczyk, Amsel und Papagei, Nilpferd 2019, ISBN 978-3-7074-5217-4<\/p>\n<p>&nbsp;<\/p>\n<p>&nbsp;<\/p>\n<p>Unscheinbar, farblos, von keinem beachtet \u2013 so sitzt die graue Amsel t\u00e4glich stumm und traurig in ihrem Nest. Auch die Ermutigungen der anderen V\u00f6gel (\u201eEine Amsel muss singen!\u201c) k\u00f6nnen sie nicht aufmuntern. Sie ist traurig und wird immer noch grauer und grauer. W\u00e4re sie ein Mensch, w\u00fcrde man sagen, sie hat ein e ausgewachsene Depression.<\/p>\n<p>&nbsp;<\/p>\n<p>Doch Kinder, f\u00fcr die dieses sch\u00f6ne und im Verlauf immer farbenfroher werdende Bilderbuch geschrieben ist, kennen solche Gef\u00fchle, wenn man sich unscheinbar, grau und unbeachtet f\u00fchlt, keiner mit einem spielen will.<\/p>\n<p>&nbsp;<\/p>\n<p>Als der Amsel ein Papagei begegnet, der wegen seiner grellen Buntheit nach eigener Aussage ebenso unbeliebt unter den anderen V\u00f6geln ist, wie die graue Amsel, \u00e4ndert sich f\u00fcr beide ihr Leben. Der Papagei schenkt der Amsel drei Federn: eine so blau wie der Himmel, eine so rot wie die Mohnblumen, eine so golden wie die Sonne.<\/p>\n<p>&nbsp;<\/p>\n<p>Vor lauter Gl\u00fcck rei\u00dft die Amsel ihren Schnabel auf und: sie singt!<\/p>\n<p>Sing mit uns! , rufen ihr die anderen V\u00f6gel zu. Und dann singen sie zusammen das Himmelslied, das Lied vom Mohnblumenfeld und das Lied von der Sonne.<\/p>\n<p>&nbsp;<\/p>\n<p>\u201eAmsel &amp; Papagei\u201c ist eine sch\u00f6ne gleichnishafte Geschichte dar\u00fcber, wie aus Traurigkeit und Tristesse Gl\u00fcck und farbige Lebensfreude werden k\u00f6nnen. Jana Walczyk hat mit ihren immer bunter und fetter werdenden Illustrationen diese Geschichte eindrucksvoll in Szene gesetzt.<\/p>\n","protected":false},"excerpt":{"rendered":"<p>&nbsp; &nbsp; &nbsp; Antonie Schneider, Jana Walczyk, Amsel und Papagei, Nilpferd 2019, ISBN 978-3-7074-5217-4 &nbsp; &nbsp; Unscheinbar, farblos, von keinem beachtet \u2013 so sitzt die graue Amsel t\u00e4glich stumm und traurig in ihrem Nest. Auch die Ermutigungen der anderen V\u00f6gel (\u201eEine Amsel muss singen!\u201c) k\u00f6nnen sie nicht aufmuntern. Sie ist traurig und wird immer noch &hellip; <a href=\"https:\/\/blog.liesdoch.de\/?p=7278\" class=\"more-link\"><span class=\"screen-reader-text\">Amsel und Papagei<\/span> weiterlesen <span class=\"meta-nav\">&rarr;<\/span><\/a><\/p>\n","protected":false},"author":6,"featured_media":0,"comment_status":"closed","ping_status":"open","sticky":false,"template":"","format":"standard","meta":{"footnotes":""},"categories":[1],"tags":[],"class_list":["post-7278","post","type-post","status-publish","format-standard","hentry","category-allgemein"],"_links":{"self":[{"href":"https:\/\/blog.liesdoch.de\/index.php?rest_route=\/wp\/v2\/posts\/7278","targetHints":{"allow":["GET"]}}],"collection":[{"href":"https:\/\/blog.liesdoch.de\/index.php?rest_route=\/wp\/v2\/posts"}],"about":[{"href":"https:\/\/blog.liesdoch.de\/index.php?rest_route=\/wp\/v2\/types\/post"}],"author":[{"embeddable":true,"href":"https:\/\/blog.liesdoch.de\/index.php?rest_route=\/wp\/v2\/users\/6"}],"replies":[{"embeddable":true,"href":"https:\/\/blog.liesdoch.de\/index.php?rest_route=%2Fwp%2Fv2%2Fcomments&post=7278"}],"version-history":[{"count":1,"href":"https:\/\/blog.liesdoch.de\/index.php?rest_route=\/wp\/v2\/posts\/7278\/revisions"}],"predecessor-version":[{"id":7280,"href":"https:\/\/blog.liesdoch.de\/index.php?rest_route=\/wp\/v2\/posts\/7278\/revisions\/7280"}],"wp:attachment":[{"href":"https:\/\/blog.liesdoch.de\/index.php?rest_route=%2Fwp%2Fv2%2Fmedia&parent=7278"}],"wp:term":[{"taxonomy":"category","embeddable":true,"href":"https:\/\/blog.liesdoch.de\/index.php?rest_route=%2Fwp%2Fv2%2Fcategories&post=7278"},{"taxonomy":"post_tag","embeddable":true,"href":"https:\/\/blog.liesdoch.de\/index.php?rest_route=%2Fwp%2Fv2%2Ftags&post=7278"}],"curies":[{"name":"wp","href":"https:\/\/api.w.org\/{rel}","templated":true}]}}