{"id":7284,"date":"2019-03-05T09:54:22","date_gmt":"2019-03-05T07:54:22","guid":{"rendered":"http:\/\/blog.liesdoch.de\/?p=7284"},"modified":"2019-03-05T09:54:22","modified_gmt":"2019-03-05T07:54:22","slug":"anne-frank","status":"publish","type":"post","link":"https:\/\/blog.liesdoch.de\/?p=7284","title":{"rendered":"Anne Frank"},"content":{"rendered":"<p>&nbsp;<\/p>\n<p>&nbsp;<\/p>\n<p>&nbsp;<\/p>\n<p><a href=\"http:\/\/blog.liesdoch.de\/wp-content\/uploads\/2019\/03\/54461570n.jpg\"><img loading=\"lazy\" decoding=\"async\" class=\"alignnone size-medium wp-image-7285\" src=\"http:\/\/blog.liesdoch.de\/wp-content\/uploads\/2019\/03\/54461570n-236x300.jpg\" alt=\"\" width=\"236\" height=\"300\" srcset=\"https:\/\/blog.liesdoch.de\/wp-content\/uploads\/2019\/03\/54461570n-236x300.jpg 236w, https:\/\/blog.liesdoch.de\/wp-content\/uploads\/2019\/03\/54461570n.jpg 242w\" sizes=\"auto, (max-width: 236px) 100vw, 236px\" \/><\/a><\/p>\n<p>Isabel Thomas, Paolo Escobar, Anne Frank, Laurence King Verlag 2019, ISBN 978-3-96244-060-2<\/p>\n<p>&nbsp;<\/p>\n<p>In seiner Reihe \u201eKleine Bibliothek Gro\u00dfer Pers\u00f6nlichkeiten\u201c in der schon B\u00fccher \u00fcber Nelson Mandela und Marie Curie erschienen sind, versucht der Laurence King Verlag in Berlin Kindern im Grundschulalter kindgerecht und verst\u00e4ndlich die Lebensgeschichte ber\u00fchmter und einflussreicher Menschen, die ihnen Vorbilder werden k\u00f6nnen, nahezubringen.<\/p>\n<p>&nbsp;<\/p>\n<p>In dem vorliegenden kleinen Buch, das Paola Escobar eindrucksvoll illustriert hat, erz\u00e4hlt Isabel Thomas, die Geschichte von Anne Frank, deren Tagebuch zu einem der ber\u00fchmtesten Literaturerzeugnisse der Nachkriegszeit werden sollte.<\/p>\n<p>Sehr behutsam bringen Bilder und Text den Kindern die Geschichte dieses M\u00e4dchens bei.<\/p>\n<p>&nbsp;<\/p>\n<p>Mit einer gelungenen\u00a0 Mischung aus informativer und ber\u00fchrender Erz\u00e4hlung mit eindrucksvollen Illustrationen l\u00e4sst dieses kleine Buch Kinder die Welt von Anne Frank verstehen. Sie w\u00e4re am 12. Juni 2019 90 Jahre alt geworden.<br \/>\nEin Glossar am Ende hilft beim Verstehen\u00a0 einiger schwieriger W\u00f6rter und Sachverhalte und die vier zum Weiterlesen genannten B\u00fccher sind alle zu empfehlen.<\/p>\n<p>&nbsp;<\/p>\n<p>&nbsp;<\/p>\n","protected":false},"excerpt":{"rendered":"<p>&nbsp; &nbsp; &nbsp; Isabel Thomas, Paolo Escobar, Anne Frank, Laurence King Verlag 2019, ISBN 978-3-96244-060-2 &nbsp; In seiner Reihe \u201eKleine Bibliothek Gro\u00dfer Pers\u00f6nlichkeiten\u201c in der schon B\u00fccher \u00fcber Nelson Mandela und Marie Curie erschienen sind, versucht der Laurence King Verlag in Berlin Kindern im Grundschulalter kindgerecht und verst\u00e4ndlich die Lebensgeschichte ber\u00fchmter und einflussreicher Menschen, die &hellip; <a href=\"https:\/\/blog.liesdoch.de\/?p=7284\" class=\"more-link\"><span class=\"screen-reader-text\">Anne Frank<\/span> weiterlesen <span class=\"meta-nav\">&rarr;<\/span><\/a><\/p>\n","protected":false},"author":6,"featured_media":0,"comment_status":"closed","ping_status":"open","sticky":false,"template":"","format":"standard","meta":{"footnotes":""},"categories":[1],"tags":[],"class_list":["post-7284","post","type-post","status-publish","format-standard","hentry","category-allgemein"],"_links":{"self":[{"href":"https:\/\/blog.liesdoch.de\/index.php?rest_route=\/wp\/v2\/posts\/7284","targetHints":{"allow":["GET"]}}],"collection":[{"href":"https:\/\/blog.liesdoch.de\/index.php?rest_route=\/wp\/v2\/posts"}],"about":[{"href":"https:\/\/blog.liesdoch.de\/index.php?rest_route=\/wp\/v2\/types\/post"}],"author":[{"embeddable":true,"href":"https:\/\/blog.liesdoch.de\/index.php?rest_route=\/wp\/v2\/users\/6"}],"replies":[{"embeddable":true,"href":"https:\/\/blog.liesdoch.de\/index.php?rest_route=%2Fwp%2Fv2%2Fcomments&post=7284"}],"version-history":[{"count":1,"href":"https:\/\/blog.liesdoch.de\/index.php?rest_route=\/wp\/v2\/posts\/7284\/revisions"}],"predecessor-version":[{"id":7286,"href":"https:\/\/blog.liesdoch.de\/index.php?rest_route=\/wp\/v2\/posts\/7284\/revisions\/7286"}],"wp:attachment":[{"href":"https:\/\/blog.liesdoch.de\/index.php?rest_route=%2Fwp%2Fv2%2Fmedia&parent=7284"}],"wp:term":[{"taxonomy":"category","embeddable":true,"href":"https:\/\/blog.liesdoch.de\/index.php?rest_route=%2Fwp%2Fv2%2Fcategories&post=7284"},{"taxonomy":"post_tag","embeddable":true,"href":"https:\/\/blog.liesdoch.de\/index.php?rest_route=%2Fwp%2Fv2%2Ftags&post=7284"}],"curies":[{"name":"wp","href":"https:\/\/api.w.org\/{rel}","templated":true}]}}