{"id":7290,"date":"2019-03-05T09:55:32","date_gmt":"2019-03-05T07:55:32","guid":{"rendered":"http:\/\/blog.liesdoch.de\/?p=7290"},"modified":"2019-03-05T09:55:32","modified_gmt":"2019-03-05T07:55:32","slug":"die-bruecke","status":"publish","type":"post","link":"https:\/\/blog.liesdoch.de\/?p=7290","title":{"rendered":"Die Br\u00fccke"},"content":{"rendered":"<p>&nbsp;<\/p>\n<p>&nbsp;<\/p>\n<p><a href=\"http:\/\/blog.liesdoch.de\/wp-content\/uploads\/2019\/03\/54578848n.jpg\"><img loading=\"lazy\" decoding=\"async\" class=\"alignnone size-full wp-image-7291\" src=\"http:\/\/blog.liesdoch.de\/wp-content\/uploads\/2019\/03\/54578848n.jpg\" alt=\"\" width=\"242\" height=\"205\" \/><\/a><\/p>\n<p>Heinz Janisch\/ Helga Bansch, Die Br\u00fccke, Jungbrunnen 2019, ISBN 978-3-7026-5929-5<\/p>\n<p>&nbsp;<\/p>\n<p>&nbsp;<\/p>\n<p>Schon viele wunderbare, tiefsinnige wie humorvolle Bilderb\u00fccher haben die beiden schon zusammen gemacht, der Schriftsteller Heinz Janisch und die K\u00fcnstlerin Helga Bansch.<\/p>\n<p>&nbsp;<\/p>\n<p>Das schon unter dem Titel \u201eDie Br\u00fccke\u201c 2010 erstmals bei Jungbrunnen in Wien ver\u00f6ffentlichte Buch handelt von einem Konflikt, bei dem jeder auf seiner Position besteht und nicht nachgeben will, und dem immer wieder erstaunlichen Ph\u00e4nomen, dass es Wege zur Konfliktl\u00f6sung geben kann, an die vorher niemand zu denken gewagt h\u00e4tte.<\/p>\n<p>&nbsp;<\/p>\n<p>Der Text beginnt geheimnisvoll und zieht Vorleser und zuh\u00f6rendes Kind sofort in seinen Bann: \u201eDer Fluss kennt viele Geschichten. Er kennt auch die Geschichte von der gro\u00dfen\u00a0 Br\u00fccke\u2026\u201c<\/p>\n<p>&nbsp;<\/p>\n<p>Auf dieser einfachen H\u00e4ngebr\u00fccke begegnen sich eines Tages ein B\u00e4r und ein Riese, denen man schon von vornherein unterstellt, dass sie ihren Willen durchsetzen werden. Sie wollen beide die Br\u00fccke \u00fcberqueren und gehen aufeinander zu. Schon hier sieht man die Br\u00fccke im Geist herunter krachen &#8211; klar ist auf jeden Fall, auf dem schmalen Steg werden sie nicht aneinander vorbeikommen. Und dann beginnt das \u00fcbliche verbale Gerangel, bei dem jeder seinen Willen deutlich macht und darauf besteht der erste sein zu m\u00fcssen.<\/p>\n<p>&nbsp;<\/p>\n<p>Das geht so eine ganze Zeit, bis die Br\u00fccke gef\u00e4hrlich zu schaukeln beginnt und beide es uneingestandenerweise mit der Angst zu tun bekommen. Und sie kommen auf eine geniale, fantasievolle und sch\u00f6ne Idee \u2026<\/p>\n<p>&nbsp;<\/p>\n<p>&nbsp;<\/p>\n<p>Ein wunderbares Bilderbuch \u00fcber Konflikt, Kompromiss und die Weisheit des Nachgebens.<\/p>\n<p>&nbsp;<\/p>\n<p>Nun hat der Jungbrunnen Verlag eine Neuausgabe vorgelegt, die die Texte der Originalausgabe auch in den Sprachen Arabisch und Farsi wiedergibt. In einer Zeit, in der der innere Frieden unserer Einwanderungsgesellschaften davon abh\u00e4ngt, ob untereinander solche Br\u00fccken gebaut werden k\u00f6nnen, wie in diesem Buch, ist diese Neuausgabe sehr zu begr\u00fc\u00dfen.<\/p>\n<p>&nbsp;<\/p>\n<p>&nbsp;<\/p>\n<p>&nbsp;<\/p>\n<p>&nbsp;<\/p>\n","protected":false},"excerpt":{"rendered":"<p>&nbsp; &nbsp; Heinz Janisch\/ Helga Bansch, Die Br\u00fccke, Jungbrunnen 2019, ISBN 978-3-7026-5929-5 &nbsp; &nbsp; Schon viele wunderbare, tiefsinnige wie humorvolle Bilderb\u00fccher haben die beiden schon zusammen gemacht, der Schriftsteller Heinz Janisch und die K\u00fcnstlerin Helga Bansch. &nbsp; Das schon unter dem Titel \u201eDie Br\u00fccke\u201c 2010 erstmals bei Jungbrunnen in Wien ver\u00f6ffentlichte Buch handelt von einem &hellip; <a href=\"https:\/\/blog.liesdoch.de\/?p=7290\" class=\"more-link\"><span class=\"screen-reader-text\">Die Br\u00fccke<\/span> weiterlesen <span class=\"meta-nav\">&rarr;<\/span><\/a><\/p>\n","protected":false},"author":6,"featured_media":0,"comment_status":"closed","ping_status":"open","sticky":false,"template":"","format":"standard","meta":{"footnotes":""},"categories":[1],"tags":[],"class_list":["post-7290","post","type-post","status-publish","format-standard","hentry","category-allgemein"],"_links":{"self":[{"href":"https:\/\/blog.liesdoch.de\/index.php?rest_route=\/wp\/v2\/posts\/7290","targetHints":{"allow":["GET"]}}],"collection":[{"href":"https:\/\/blog.liesdoch.de\/index.php?rest_route=\/wp\/v2\/posts"}],"about":[{"href":"https:\/\/blog.liesdoch.de\/index.php?rest_route=\/wp\/v2\/types\/post"}],"author":[{"embeddable":true,"href":"https:\/\/blog.liesdoch.de\/index.php?rest_route=\/wp\/v2\/users\/6"}],"replies":[{"embeddable":true,"href":"https:\/\/blog.liesdoch.de\/index.php?rest_route=%2Fwp%2Fv2%2Fcomments&post=7290"}],"version-history":[{"count":1,"href":"https:\/\/blog.liesdoch.de\/index.php?rest_route=\/wp\/v2\/posts\/7290\/revisions"}],"predecessor-version":[{"id":7292,"href":"https:\/\/blog.liesdoch.de\/index.php?rest_route=\/wp\/v2\/posts\/7290\/revisions\/7292"}],"wp:attachment":[{"href":"https:\/\/blog.liesdoch.de\/index.php?rest_route=%2Fwp%2Fv2%2Fmedia&parent=7290"}],"wp:term":[{"taxonomy":"category","embeddable":true,"href":"https:\/\/blog.liesdoch.de\/index.php?rest_route=%2Fwp%2Fv2%2Fcategories&post=7290"},{"taxonomy":"post_tag","embeddable":true,"href":"https:\/\/blog.liesdoch.de\/index.php?rest_route=%2Fwp%2Fv2%2Ftags&post=7290"}],"curies":[{"name":"wp","href":"https:\/\/api.w.org\/{rel}","templated":true}]}}