{"id":7296,"date":"2019-03-05T09:57:16","date_gmt":"2019-03-05T07:57:16","guid":{"rendered":"http:\/\/blog.liesdoch.de\/?p=7296"},"modified":"2019-03-05T09:57:16","modified_gmt":"2019-03-05T07:57:16","slug":"die-kuh","status":"publish","type":"post","link":"https:\/\/blog.liesdoch.de\/?p=7296","title":{"rendered":"Die Kuh"},"content":{"rendered":"<p>&nbsp;<\/p>\n<p>&nbsp;<\/p>\n<p>&nbsp;<\/p>\n<p>&nbsp;<\/p>\n<p><a href=\"http:\/\/blog.liesdoch.de\/wp-content\/uploads\/2019\/03\/54651248n.jpg\"><img loading=\"lazy\" decoding=\"async\" class=\"alignnone size-full wp-image-7297\" src=\"http:\/\/blog.liesdoch.de\/wp-content\/uploads\/2019\/03\/54651248n.jpg\" alt=\"\" width=\"242\" height=\"263\" \/><\/a><\/p>\n<p>Werner Lampert, Die Kuh. Eine Hommage, teNeues 2019,ISBN 978-3-96171-178-9<\/p>\n<p>&nbsp;<\/p>\n<p>In der Geschichte des Menschen der letzten 10 000 Jahre ist das Rind oder die Kuh \u00fcberall auf der Welt nicht wegzudenken. Sie haben unsere Vorfahren gen\u00e4hrt und gew\u00e4rmt, bekleidet und begleitet auf ihren Wanderungen und erst recht nach ihrer Se\u00dfhaftwerdung.<\/p>\n<p>&nbsp;<\/p>\n<h2>Werner Lampert, ein \u00d6sterreicher, der sich seit 45 Jahren f\u00fcr gesunde Bio-Lebensmittel und faire Konsumg\u00fcter einsetzt und in seinem Land ein bekannter Mann ist, hat \u00a0diesem Begleiter des Menschen in seiner Entwicklung mit diesem volumin\u00f6sen Buch ein bleibendes Denkmal gesetzt.<\/h2>\n<h2>Was ihn dabei bewegt beschreibt er so: \u201eJahrtausendelang zogen wir mit ihnen durch Kontinente, wir querten Berge und\u00a0 Meere mit ihnen, unseren treuen und immer zugewandten und unterst\u00fctzenden Gef\u00e4hrten. Seien wir ihnen durch unsere Zuneigung nahe, unserem Gef\u00e4hrten Rind.\u201c<\/h2>\n<h2><\/h2>\n<h2>Die Domestikation vieler Wildrinder an den verschiedensten Orten der Welt, \u00fcberall dort, wo Menschen lebten, ist f\u00fcr die evolution\u00e4re Erfolgsgeschichte des Homo sapiens nicht wegzudenken. Sie w\u00e4re ohne die Kuh nicht so m\u00f6glich gewesen.<\/h2>\n<h2><\/h2>\n<h2>Auf vielen Reisen durch die Welt hat Werner Lampert mit seinen Fotografen unz\u00e4hlige dieser Rinder beschrieben und in ihrem urspr\u00fcnglichen Lebensraum fotografiert. Das ganz Buch und seine wunderbaren Bilder ist ein kulturgeschichtliches Meisterwerk und ein flammender Appell daf\u00fcr, die Artenvielfalt auf unserer Erde zu sch\u00fctzen und achtsamer mit den Rindern, Familienmitglieder des Menschen\u00a0 und Nahrungsquelle gleicherma\u00dfen, umzugehen.<\/h2>\n<h2><\/h2>\n<h2>Denn durch die Massentierhaltung sind viele dieser Rinderrassen vom Aussterben bedroht.<\/h2>\n<h2><\/h2>\n<h2>Das Buch zeigt eindrucksvoll, dass die religi\u00f6se, die kulturelle und die gesellschaftliche Entwicklung des Menschen ohne Rinder so nicht m\u00f6glich gewesen w\u00e4ren. Die Vielfalt und Sch\u00f6nheit der unz\u00e4hligen Rassen (manche sind vom Aussterben bedroht) sind beeindruckend. Das enge Band zwischen\u00a0 Mensch und Rind zerrei\u00dfen zu lassen, w\u00fcrde das Leben des Menschen viel \u00e4rmer machen.<\/h2>\n<h2><\/h2>\n<h2>Ein gro\u00dfes kulturgeschichtliches Werk von poetischer Sch\u00f6nheit.<\/h2>\n<h2><\/h2>\n<p>&nbsp;<\/p>\n<p>&nbsp;<\/p>\n<p>&nbsp;<\/p>\n<p>&nbsp;<\/p>\n<p>&nbsp;<\/p>\n<p>&nbsp;<\/p>\n","protected":false},"excerpt":{"rendered":"<p>&nbsp; &nbsp; &nbsp; &nbsp; Werner Lampert, Die Kuh. Eine Hommage, teNeues 2019,ISBN 978-3-96171-178-9 &nbsp; In der Geschichte des Menschen der letzten 10 000 Jahre ist das Rind oder die Kuh \u00fcberall auf der Welt nicht wegzudenken. Sie haben unsere Vorfahren gen\u00e4hrt und gew\u00e4rmt, bekleidet und begleitet auf ihren Wanderungen und erst recht nach ihrer Se\u00dfhaftwerdung. &hellip; <a href=\"https:\/\/blog.liesdoch.de\/?p=7296\" class=\"more-link\"><span class=\"screen-reader-text\">Die Kuh<\/span> weiterlesen <span class=\"meta-nav\">&rarr;<\/span><\/a><\/p>\n","protected":false},"author":6,"featured_media":0,"comment_status":"closed","ping_status":"open","sticky":false,"template":"","format":"standard","meta":{"footnotes":""},"categories":[1],"tags":[],"class_list":["post-7296","post","type-post","status-publish","format-standard","hentry","category-allgemein"],"_links":{"self":[{"href":"https:\/\/blog.liesdoch.de\/index.php?rest_route=\/wp\/v2\/posts\/7296","targetHints":{"allow":["GET"]}}],"collection":[{"href":"https:\/\/blog.liesdoch.de\/index.php?rest_route=\/wp\/v2\/posts"}],"about":[{"href":"https:\/\/blog.liesdoch.de\/index.php?rest_route=\/wp\/v2\/types\/post"}],"author":[{"embeddable":true,"href":"https:\/\/blog.liesdoch.de\/index.php?rest_route=\/wp\/v2\/users\/6"}],"replies":[{"embeddable":true,"href":"https:\/\/blog.liesdoch.de\/index.php?rest_route=%2Fwp%2Fv2%2Fcomments&post=7296"}],"version-history":[{"count":1,"href":"https:\/\/blog.liesdoch.de\/index.php?rest_route=\/wp\/v2\/posts\/7296\/revisions"}],"predecessor-version":[{"id":7298,"href":"https:\/\/blog.liesdoch.de\/index.php?rest_route=\/wp\/v2\/posts\/7296\/revisions\/7298"}],"wp:attachment":[{"href":"https:\/\/blog.liesdoch.de\/index.php?rest_route=%2Fwp%2Fv2%2Fmedia&parent=7296"}],"wp:term":[{"taxonomy":"category","embeddable":true,"href":"https:\/\/blog.liesdoch.de\/index.php?rest_route=%2Fwp%2Fv2%2Fcategories&post=7296"},{"taxonomy":"post_tag","embeddable":true,"href":"https:\/\/blog.liesdoch.de\/index.php?rest_route=%2Fwp%2Fv2%2Ftags&post=7296"}],"curies":[{"name":"wp","href":"https:\/\/api.w.org\/{rel}","templated":true}]}}