{"id":7306,"date":"2019-03-06T12:33:59","date_gmt":"2019-03-06T10:33:59","guid":{"rendered":"http:\/\/blog.liesdoch.de\/?p=7306"},"modified":"2019-03-06T12:33:59","modified_gmt":"2019-03-06T10:33:59","slug":"stella-goldschlag-eine-wahre-geschichte","status":"publish","type":"post","link":"https:\/\/blog.liesdoch.de\/?p=7306","title":{"rendered":"Stella Goldschlag. Eine wahre Geschichte"},"content":{"rendered":"<p>&nbsp;<\/p>\n<p>&nbsp;<\/p>\n<p>&nbsp;<\/p>\n<p><a href=\"http:\/\/blog.liesdoch.de\/wp-content\/uploads\/2019\/03\/55231934n.jpg\"><img loading=\"lazy\" decoding=\"async\" class=\"alignnone size-medium wp-image-7307\" src=\"http:\/\/blog.liesdoch.de\/wp-content\/uploads\/2019\/03\/55231934n-184x300.jpg\" alt=\"\" width=\"184\" height=\"300\" srcset=\"https:\/\/blog.liesdoch.de\/wp-content\/uploads\/2019\/03\/55231934n-184x300.jpg 184w, https:\/\/blog.liesdoch.de\/wp-content\/uploads\/2019\/03\/55231934n.jpg 242w\" sizes=\"auto, (max-width: 184px) 100vw, 184px\" \/><\/a><\/p>\n<p>Peter Wyden, Stella Goldschlag. Eine wahre Geschichte, Steidl Verlag 2019, ISBN 978-3-95829-608-4<\/p>\n<p>&nbsp;<\/p>\n<p>Schon viele Jahre gab es in der deutschen Literaturkritik und im Feuilleton keine so heftige und leidenschaftliche Debatte mehr wie \u00fcber den Roman \u201eStella\u201c des Spiegel-Journalisten Takis W\u00fcrger. Seine fiktive Geschichte eines Schweizer B\u00fcrgers\u00f6hnchens, der nach Berlin geht, um herauszufinden, was es mit den Judenverfolgungen des Nazis auf sich hat und dort auf Stella Goldschlag trifft, sich in sie verliebt und dann auch Kenntnis erlangt dar\u00fcber, dass sie als \u201eGreiferin\u201c andere j\u00fcdische Menschen in gro\u00dfer Zahl an die Gestapo verr\u00e4t, hat sofort eine Menge Kritiker auf den Plan gerufen.<\/p>\n<p>&nbsp;<\/p>\n<p>Die sehr grunds\u00e4tzlich und moralisch gestellte Frage geisterte lange durch die Feuilletons, ob man ein solches Thema auf diese Weise darstellen darf und kann. W\u00e4hrend die Kulturredaktion des NDR das Buch zum \u201eBuch des Monats\u201c gew\u00e4hlt hat, lehnen es andere zum Teil mit Emp\u00f6rung ab, so als h\u00e4tte Takis W\u00fcrger hier ein gr\u00f6\u00dftm\u00f6gliches Sakrileg begangen. Es geht dabei um den Vorwurf der Effekthascherei, des Kitsches, die Tatsache, dass W\u00fcrger beim Spiegel arbeitet, weckt bei vielen Assoziationen zum Fall Relotius. Letztlich geht es um die Frage: darf man in Deutschland \u00fcber die Nazizeit und oder eine j\u00fcdische Hauptfigur auf eine so kurzweilige und unterhaltsame Weise schreiben? Darf ein Buch \u00fcber ein solches Thema von einem Nichtjuden geschrieben werden und darf es unterhaltsam sein?<\/p>\n<p>&nbsp;<\/p>\n<p>Hannah L\u00fchmann schrieb in der WELT: &#8222;Warum sollte es denn verwerflich sein, einen kurzweiligen Roman auch \u00fcber eine entsetzliche Zeit zu schreiben?&#8220;<\/p>\n<p>Ich selbst erg\u00e4nzte in einer Rezension dieses Buches:<\/p>\n<p>\u201eDas habe ich mich beim Lesen und Schreiben auch gefragt. Dass man an der nun wirklich naiven m\u00e4nnlichen Hauptperson einiges kritisieren kann, okay. Aber einem Autor quasi zu untersagen, eine solche Geschichte zu erfinden, grenzt an hypermoralische Zensur.\u201c<\/p>\n<p>&nbsp;<\/p>\n<p>Der Steidl Verlag in G\u00f6ttingen, der eine Biographie \u00fcber Stella Goldschlag von Peter Wyden, die Takis W\u00fcrger mit Sicherheit f\u00fcr seine Recherchen zu seinem Buch benutzt hat, schon 1993 ver\u00f6ffentlichte, hat nun \u201eaus aktuellem Anlass\u201c wie er in einer Pressemitteilung schrieb, diese Biographie neu aufgelegt.<\/p>\n<p>&nbsp;<\/p>\n<p>In dieser Neuauflage, die ich sehr begr\u00fc\u00dfe, weil sie ein lange nicht mehr lieferbares Buch f\u00fcr alle an dieser literaturkritischen Auseinandersetzung interessierte Zeitgenossen wieder zug\u00e4nglich macht, verzichtet der Verlag auf jeglichen Bezug auf Takis W\u00fcrgers Buch und die Debatte, die es ausgel\u00f6st hat. Jeder soll sich mit der Lekt\u00fcre dieser Biographie sein eigenes Bild machen.<\/p>\n<p>&nbsp;<\/p>\n<p>Mir jedenfalls ist die Person Stella Goldschlag und ihre Geschichte durch dieses Buch auf eine viel intensivere Weise nahe gekommen als in Takis W\u00fcrgers Roman.<\/p>\n<p>&nbsp;<\/p>\n<p>&nbsp;<\/p>\n<p>&nbsp;<\/p>\n","protected":false},"excerpt":{"rendered":"<p>&nbsp; &nbsp; &nbsp; Peter Wyden, Stella Goldschlag. Eine wahre Geschichte, Steidl Verlag 2019, ISBN 978-3-95829-608-4 &nbsp; Schon viele Jahre gab es in der deutschen Literaturkritik und im Feuilleton keine so heftige und leidenschaftliche Debatte mehr wie \u00fcber den Roman \u201eStella\u201c des Spiegel-Journalisten Takis W\u00fcrger. Seine fiktive Geschichte eines Schweizer B\u00fcrgers\u00f6hnchens, der nach Berlin geht, um &hellip; <a href=\"https:\/\/blog.liesdoch.de\/?p=7306\" class=\"more-link\"><span class=\"screen-reader-text\">Stella Goldschlag. Eine wahre Geschichte<\/span> weiterlesen <span class=\"meta-nav\">&rarr;<\/span><\/a><\/p>\n","protected":false},"author":6,"featured_media":0,"comment_status":"closed","ping_status":"open","sticky":false,"template":"","format":"standard","meta":{"footnotes":""},"categories":[1],"tags":[],"class_list":["post-7306","post","type-post","status-publish","format-standard","hentry","category-allgemein"],"_links":{"self":[{"href":"https:\/\/blog.liesdoch.de\/index.php?rest_route=\/wp\/v2\/posts\/7306","targetHints":{"allow":["GET"]}}],"collection":[{"href":"https:\/\/blog.liesdoch.de\/index.php?rest_route=\/wp\/v2\/posts"}],"about":[{"href":"https:\/\/blog.liesdoch.de\/index.php?rest_route=\/wp\/v2\/types\/post"}],"author":[{"embeddable":true,"href":"https:\/\/blog.liesdoch.de\/index.php?rest_route=\/wp\/v2\/users\/6"}],"replies":[{"embeddable":true,"href":"https:\/\/blog.liesdoch.de\/index.php?rest_route=%2Fwp%2Fv2%2Fcomments&post=7306"}],"version-history":[{"count":1,"href":"https:\/\/blog.liesdoch.de\/index.php?rest_route=\/wp\/v2\/posts\/7306\/revisions"}],"predecessor-version":[{"id":7308,"href":"https:\/\/blog.liesdoch.de\/index.php?rest_route=\/wp\/v2\/posts\/7306\/revisions\/7308"}],"wp:attachment":[{"href":"https:\/\/blog.liesdoch.de\/index.php?rest_route=%2Fwp%2Fv2%2Fmedia&parent=7306"}],"wp:term":[{"taxonomy":"category","embeddable":true,"href":"https:\/\/blog.liesdoch.de\/index.php?rest_route=%2Fwp%2Fv2%2Fcategories&post=7306"},{"taxonomy":"post_tag","embeddable":true,"href":"https:\/\/blog.liesdoch.de\/index.php?rest_route=%2Fwp%2Fv2%2Ftags&post=7306"}],"curies":[{"name":"wp","href":"https:\/\/api.w.org\/{rel}","templated":true}]}}