{"id":7312,"date":"2019-03-06T12:35:21","date_gmt":"2019-03-06T10:35:21","guid":{"rendered":"http:\/\/blog.liesdoch.de\/?p=7312"},"modified":"2019-03-06T12:35:21","modified_gmt":"2019-03-06T10:35:21","slug":"nein-nein-ich-steig-in-kein-fremdes-auto-ein","status":"publish","type":"post","link":"https:\/\/blog.liesdoch.de\/?p=7312","title":{"rendered":"Nein, Nein. Ich steig in kein fremdes Auto ein"},"content":{"rendered":"<p>&nbsp;<\/p>\n<p>&nbsp;<\/p>\n<p>&nbsp;<\/p>\n<p>&nbsp;<\/p>\n<p><a href=\"http:\/\/blog.liesdoch.de\/wp-content\/uploads\/2019\/03\/50261783n.jpg\"><img loading=\"lazy\" decoding=\"async\" class=\"alignnone size-full wp-image-7313\" src=\"http:\/\/blog.liesdoch.de\/wp-content\/uploads\/2019\/03\/50261783n.jpg\" alt=\"\" width=\"242\" height=\"272\" \/><\/a><\/p>\n<p>Petra Lazik, Kai Sch\u00fcttler, Nein, Nein. Ich steig in kein fremdes Auto ein, Coppenrath 2018, ISBN 978-3-649-62185-0<\/p>\n<p>&nbsp;<\/p>\n<p>Dieses schon 2007 zum ersten Mal ver\u00f6ffentlichte Bilderbuch hat der Coppenrath Verlag nun erneut aufgelegt.\u00a0 Es richtet sich an Eltern und Erzieherinnen in Kindertagesst\u00e4tten, die alle verbindet, dass sie die ihnen anvertrauten Kinder vor Gefahren bewahren wollen. Doch wie kann man mit Kindern ein solches Thema sensibel besprechen, ohne\u00a0 bei ihnen Unsicherheit oder gar Angst zu erzeugen, sondern im Gegenteil so etwas wie Selbstbewusstsein und Sicherheit aufzubauen.<\/p>\n<p>&nbsp;<\/p>\n<p>Petra Lazik, Kriminalhauptkommissarin a.D., hat fr\u00fcher viele Jahre im Bereich sexuelle Gewalt an Kindern ermittelt und arbeitet nun als systemische Beraterin und Traumatherapeutin in eigener Praxis.<\/p>\n<p>&nbsp;<\/p>\n<p>Von Kai Sch\u00fcttler sehr kindgerecht illustriert, erz\u00e4hlt sie in diesem Buch die Geschichte von Marie und ihrem Bruder Max, die\u00a0 auf dem Weg zum Kindergarten von einem Autofahrer angesprochen\u00a0 werden. Er l\u00e4dt sie ein in seinem roten offenen Sportflitzer mitzufahren. W\u00e4hrend Max wohl gerne mit dem tollen Auto mitgefahren w\u00e4re, verl\u00e4sst sich Marie auf ihr Bauchgef\u00fchl und sagt laut und deutlich: \u201eNein!\u201c<\/p>\n<p>&nbsp;<\/p>\n<p>Als sie sp\u00e4ter im Kindergarten davon erz\u00e4hlen, haben sie in Frau L\u00f6wenstein eine ruhige und besonnene Zuh\u00f6rerin, die auf das Erlebte eingeht.<\/p>\n<p>&nbsp;<\/p>\n<p>Das Buch eignet sich hervorragend zum Einsatz in Kindergartengruppen, aber auch zum Vorlesen und Besprechen zu Hause. F\u00fcr Eltern hat Petra Lazik am Ende des Buches auf zwei Seiten wichtige und verst\u00e4ndliche Hinweise gegeben.<\/p>\n<p>&nbsp;<\/p>\n<p>Ein wichtiges, unverzichtbares Buch. Gut, dass es wieder auf dem Markt ist.<\/p>\n","protected":false},"excerpt":{"rendered":"<p>&nbsp; &nbsp; &nbsp; &nbsp; Petra Lazik, Kai Sch\u00fcttler, Nein, Nein. Ich steig in kein fremdes Auto ein, Coppenrath 2018, ISBN 978-3-649-62185-0 &nbsp; Dieses schon 2007 zum ersten Mal ver\u00f6ffentlichte Bilderbuch hat der Coppenrath Verlag nun erneut aufgelegt.\u00a0 Es richtet sich an Eltern und Erzieherinnen in Kindertagesst\u00e4tten, die alle verbindet, dass sie die ihnen anvertrauten Kinder &hellip; <a href=\"https:\/\/blog.liesdoch.de\/?p=7312\" class=\"more-link\"><span class=\"screen-reader-text\">Nein, Nein. Ich steig in kein fremdes Auto ein<\/span> weiterlesen <span class=\"meta-nav\">&rarr;<\/span><\/a><\/p>\n","protected":false},"author":6,"featured_media":0,"comment_status":"closed","ping_status":"open","sticky":false,"template":"","format":"standard","meta":{"footnotes":""},"categories":[1],"tags":[],"class_list":["post-7312","post","type-post","status-publish","format-standard","hentry","category-allgemein"],"_links":{"self":[{"href":"https:\/\/blog.liesdoch.de\/index.php?rest_route=\/wp\/v2\/posts\/7312","targetHints":{"allow":["GET"]}}],"collection":[{"href":"https:\/\/blog.liesdoch.de\/index.php?rest_route=\/wp\/v2\/posts"}],"about":[{"href":"https:\/\/blog.liesdoch.de\/index.php?rest_route=\/wp\/v2\/types\/post"}],"author":[{"embeddable":true,"href":"https:\/\/blog.liesdoch.de\/index.php?rest_route=\/wp\/v2\/users\/6"}],"replies":[{"embeddable":true,"href":"https:\/\/blog.liesdoch.de\/index.php?rest_route=%2Fwp%2Fv2%2Fcomments&post=7312"}],"version-history":[{"count":1,"href":"https:\/\/blog.liesdoch.de\/index.php?rest_route=\/wp\/v2\/posts\/7312\/revisions"}],"predecessor-version":[{"id":7314,"href":"https:\/\/blog.liesdoch.de\/index.php?rest_route=\/wp\/v2\/posts\/7312\/revisions\/7314"}],"wp:attachment":[{"href":"https:\/\/blog.liesdoch.de\/index.php?rest_route=%2Fwp%2Fv2%2Fmedia&parent=7312"}],"wp:term":[{"taxonomy":"category","embeddable":true,"href":"https:\/\/blog.liesdoch.de\/index.php?rest_route=%2Fwp%2Fv2%2Fcategories&post=7312"},{"taxonomy":"post_tag","embeddable":true,"href":"https:\/\/blog.liesdoch.de\/index.php?rest_route=%2Fwp%2Fv2%2Ftags&post=7312"}],"curies":[{"name":"wp","href":"https:\/\/api.w.org\/{rel}","templated":true}]}}