{"id":7334,"date":"2019-03-11T13:55:46","date_gmt":"2019-03-11T11:55:46","guid":{"rendered":"http:\/\/blog.liesdoch.de\/?p=7334"},"modified":"2019-03-11T13:55:46","modified_gmt":"2019-03-11T11:55:46","slug":"der-schusch-und-der-baer","status":"publish","type":"post","link":"https:\/\/blog.liesdoch.de\/?p=7334","title":{"rendered":"Der Schusch und der B\u00e4r"},"content":{"rendered":"<p>&nbsp;<\/p>\n<p>&nbsp;<\/p>\n<p>&nbsp;<\/p>\n<p><a href=\"http:\/\/blog.liesdoch.de\/wp-content\/uploads\/2019\/03\/53769987n.jpg\"><img loading=\"lazy\" decoding=\"async\" class=\"alignnone size-medium wp-image-7335\" src=\"http:\/\/blog.liesdoch.de\/wp-content\/uploads\/2019\/03\/53769987n-215x300.jpg\" alt=\"\" width=\"215\" height=\"300\" srcset=\"https:\/\/blog.liesdoch.de\/wp-content\/uploads\/2019\/03\/53769987n-215x300.jpg 215w, https:\/\/blog.liesdoch.de\/wp-content\/uploads\/2019\/03\/53769987n.jpg 242w\" sizes=\"auto, (max-width: 215px) 100vw, 215px\" \/><\/a><\/p>\n<p>SaBine B\u00fcchner, Charlotte Habersack, Der Schusch und der B\u00e4r, Ravensburger Verlag 2019, ISBN 978-3-473-44710-7<\/p>\n<p>&nbsp;<\/p>\n<p>In \u201eDer schaurige Schusch\u201c haben die beiden Autorinnen im Jahr 2016\u00a0 ein sch\u00f6nes Bilderbuch \u00fcber Vorurteile vorgelegt. Kinder sollten lernen im Gespr\u00e4ch \u00fcber dieses Buch, dass man niemand beurteilen soll, den man nicht kennt.<\/p>\n<p>&nbsp;<\/p>\n<p>Nun haben sie eine Art\u00a0 Fortsetzung ver\u00f6ffentlicht, eine neue Geschichte, die f\u00fcr ein offenes Miteinander eintritt und mit den Kindern dar\u00fcber ins Gespr\u00e4ch kommen will.<\/p>\n<p>&nbsp;<\/p>\n<p>Es erz\u00e4hlt von einem reichen B\u00e4r, der sich mit harter Arbeit beim Honigsammeln viel Geld verdient hat den Sommer \u00fcber und sich nun im Simmelsgebirge davon eine gro\u00dfe und schicke H\u00f6hle kauft.<\/p>\n<p>&nbsp;<\/p>\n<p>Doch kaum hat er sich in seiner H\u00f6he eingerichtet, sieht er in vorbeikommenden Tieren nur potentielle Diebe, die ihm sein Hab und Gut wieder wegnehmen wollen.\u00a0 Er baut eine hohe Mauer um seine H\u00f6hle, vergittert die Fenster und f\u00fchlt sich dennoch nicht wirklich sicher vor den imaginierten Dieben.<\/p>\n<p>&nbsp;<\/p>\n<p>Eine sch\u00f6ne Fortsetzung. Vielleicht wird ja eine Bilderbuchrehe daraus.<\/p>\n<p>&nbsp;<\/p>\n<p>Da kommt der Schusch vorbei und fragt den B\u00e4r, warum er denn in einem Gef\u00e4ngnis lebe.\u00a0 Es gelingt dem Schusch, den B\u00e4r aus seiner verbarrikadierten H\u00f6hle herauszulocken zu den anderen Tieren an den Flu\u00df, wo sie mit den anderen Tieren einen lustigen Ausflug unternehmen. Und der B\u00e4r sp\u00fcrt, dass sie alle nett zu ihm sind und ihm nichts wegnehmen wollen.<\/p>\n<p>&nbsp;<\/p>\n","protected":false},"excerpt":{"rendered":"<p>&nbsp; &nbsp; &nbsp; SaBine B\u00fcchner, Charlotte Habersack, Der Schusch und der B\u00e4r, Ravensburger Verlag 2019, ISBN 978-3-473-44710-7 &nbsp; In \u201eDer schaurige Schusch\u201c haben die beiden Autorinnen im Jahr 2016\u00a0 ein sch\u00f6nes Bilderbuch \u00fcber Vorurteile vorgelegt. Kinder sollten lernen im Gespr\u00e4ch \u00fcber dieses Buch, dass man niemand beurteilen soll, den man nicht kennt. &nbsp; Nun haben &hellip; <a href=\"https:\/\/blog.liesdoch.de\/?p=7334\" class=\"more-link\"><span class=\"screen-reader-text\">Der Schusch und der B\u00e4r<\/span> weiterlesen <span class=\"meta-nav\">&rarr;<\/span><\/a><\/p>\n","protected":false},"author":6,"featured_media":0,"comment_status":"closed","ping_status":"open","sticky":false,"template":"","format":"standard","meta":{"footnotes":""},"categories":[1],"tags":[],"class_list":["post-7334","post","type-post","status-publish","format-standard","hentry","category-allgemein"],"_links":{"self":[{"href":"https:\/\/blog.liesdoch.de\/index.php?rest_route=\/wp\/v2\/posts\/7334","targetHints":{"allow":["GET"]}}],"collection":[{"href":"https:\/\/blog.liesdoch.de\/index.php?rest_route=\/wp\/v2\/posts"}],"about":[{"href":"https:\/\/blog.liesdoch.de\/index.php?rest_route=\/wp\/v2\/types\/post"}],"author":[{"embeddable":true,"href":"https:\/\/blog.liesdoch.de\/index.php?rest_route=\/wp\/v2\/users\/6"}],"replies":[{"embeddable":true,"href":"https:\/\/blog.liesdoch.de\/index.php?rest_route=%2Fwp%2Fv2%2Fcomments&post=7334"}],"version-history":[{"count":1,"href":"https:\/\/blog.liesdoch.de\/index.php?rest_route=\/wp\/v2\/posts\/7334\/revisions"}],"predecessor-version":[{"id":7336,"href":"https:\/\/blog.liesdoch.de\/index.php?rest_route=\/wp\/v2\/posts\/7334\/revisions\/7336"}],"wp:attachment":[{"href":"https:\/\/blog.liesdoch.de\/index.php?rest_route=%2Fwp%2Fv2%2Fmedia&parent=7334"}],"wp:term":[{"taxonomy":"category","embeddable":true,"href":"https:\/\/blog.liesdoch.de\/index.php?rest_route=%2Fwp%2Fv2%2Fcategories&post=7334"},{"taxonomy":"post_tag","embeddable":true,"href":"https:\/\/blog.liesdoch.de\/index.php?rest_route=%2Fwp%2Fv2%2Ftags&post=7334"}],"curies":[{"name":"wp","href":"https:\/\/api.w.org\/{rel}","templated":true}]}}