{"id":7337,"date":"2019-03-11T13:56:23","date_gmt":"2019-03-11T11:56:23","guid":{"rendered":"http:\/\/blog.liesdoch.de\/?p=7337"},"modified":"2019-03-11T13:56:23","modified_gmt":"2019-03-11T11:56:23","slug":"die-natur-entdecke-die-wildnis-vor-deiner-haustuer","status":"publish","type":"post","link":"https:\/\/blog.liesdoch.de\/?p=7337","title":{"rendered":"Die Natur. Entdecke die Wildnis vor deiner Haust\u00fcr"},"content":{"rendered":"<p>&nbsp;<\/p>\n<p>&nbsp;<\/p>\n<p>&nbsp;<\/p>\n<p>&nbsp;<\/p>\n<p><a href=\"http:\/\/blog.liesdoch.de\/wp-content\/uploads\/2019\/03\/54453000n.jpg\"><img loading=\"lazy\" decoding=\"async\" class=\"alignnone size-medium wp-image-7338\" src=\"http:\/\/blog.liesdoch.de\/wp-content\/uploads\/2019\/03\/54453000n-235x300.jpg\" alt=\"\" width=\"235\" height=\"300\" srcset=\"https:\/\/blog.liesdoch.de\/wp-content\/uploads\/2019\/03\/54453000n-235x300.jpg 235w, https:\/\/blog.liesdoch.de\/wp-content\/uploads\/2019\/03\/54453000n.jpg 242w\" sizes=\"auto, (max-width: 235px) 100vw, 235px\" \/><\/a><\/p>\n<p>Maria Ana Peixe Dias, Die Natur. Entdecke die Wildnis vor deiner Haust\u00fcr, Beltz &amp; Gelberg 2019, ISBN 978-3-407-81214-8<\/p>\n<p>&nbsp;<\/p>\n<p>Dieses au\u00dfergew\u00f6hnliche Natursachbuch f\u00fcr Kinder wurde in Spanien, wo es zuerst erschien, mit dem Bologna Ragazzi Award ausgezeichnet. In einfachen, nur in den Farben Schwarz, Grau und Blau gehaltenen Zeichnungen des vielfach ausgezeichneten Illustrators Bernardo P. Carvalho werden ein M\u00e4dchen und ein Junge stellvertretend f\u00fcr alle jungen Nutzer dieses Sachbuchs eingeladen, sich auf die Suche nach der \u201eWildnis vor deiner Haust\u00fcr\u201c zu machen.<\/p>\n<p>&nbsp;<\/p>\n<p>Nicht nur die Erwachsenen, auch die Kinder sind in ihrem Alltag oft so abgelenkt, dass sie die sie umgebenden Ph\u00e4nomen der Natur gar nicht bemerken. Dieses sch\u00f6ne und lehrreiche Buch will Abhilfe schaffen und lenkt den Blick auf viele Details, die man mit dem blo\u00dfen Auge erkennen kann, wirft aber auch immer einen Blick auf die Ph\u00e4nomene dahinter und erkl\u00e4rt sie. Zum Beispiel, wie Ameisen sich mit ihren Antennen verst\u00e4ndigen und warum wir die Sterne tags\u00fcber nicht sehen k\u00f6nnen.<\/p>\n<p>\u201eDie Natur\u201c ist ein Buch f\u00fcr die ganze Familie, randvoll mit Wissen zu B\u00e4umen und Blumen, Insekten, Amphibien, V\u00f6geln, Reptilien und S\u00e4ugetieren, Gesteinen, Gew\u00e4ssern, Wolken und Sternen.<\/p>\n<p>&nbsp;<\/p>\n<p>Es will aber nicht nur zu Hause auf der Couch der am Schreibtisch gelesen werden, sondern es h\u00e4lt vielfache Anregungen und Tipps f\u00fcr Streifz\u00fcge und Erkundungen in der n\u00e4heren Umgebung bereit, l\u00e4dt ein die Natur im Gro\u00dfen und im Kleinen selbst zu entdecken und zu erforschen.<\/p>\n<p>&nbsp;<\/p>\n<p>Die sparsame Farbgebung mag nicht unbedingt jedermanns Sache sein, doch ihr Vorteil ist, dass sie vom Wesentlichen nicht ablenkt.<\/p>\n<p>&nbsp;<\/p>\n<p>&nbsp;<\/p>\n<p>&nbsp;<\/p>\n","protected":false},"excerpt":{"rendered":"<p>&nbsp; &nbsp; &nbsp; &nbsp; Maria Ana Peixe Dias, Die Natur. Entdecke die Wildnis vor deiner Haust\u00fcr, Beltz &amp; Gelberg 2019, ISBN 978-3-407-81214-8 &nbsp; Dieses au\u00dfergew\u00f6hnliche Natursachbuch f\u00fcr Kinder wurde in Spanien, wo es zuerst erschien, mit dem Bologna Ragazzi Award ausgezeichnet. In einfachen, nur in den Farben Schwarz, Grau und Blau gehaltenen Zeichnungen des vielfach &hellip; <a href=\"https:\/\/blog.liesdoch.de\/?p=7337\" class=\"more-link\"><span class=\"screen-reader-text\">Die Natur. Entdecke die Wildnis vor deiner Haust\u00fcr<\/span> weiterlesen <span class=\"meta-nav\">&rarr;<\/span><\/a><\/p>\n","protected":false},"author":6,"featured_media":0,"comment_status":"closed","ping_status":"open","sticky":false,"template":"","format":"standard","meta":{"footnotes":""},"categories":[1],"tags":[],"class_list":["post-7337","post","type-post","status-publish","format-standard","hentry","category-allgemein"],"_links":{"self":[{"href":"https:\/\/blog.liesdoch.de\/index.php?rest_route=\/wp\/v2\/posts\/7337","targetHints":{"allow":["GET"]}}],"collection":[{"href":"https:\/\/blog.liesdoch.de\/index.php?rest_route=\/wp\/v2\/posts"}],"about":[{"href":"https:\/\/blog.liesdoch.de\/index.php?rest_route=\/wp\/v2\/types\/post"}],"author":[{"embeddable":true,"href":"https:\/\/blog.liesdoch.de\/index.php?rest_route=\/wp\/v2\/users\/6"}],"replies":[{"embeddable":true,"href":"https:\/\/blog.liesdoch.de\/index.php?rest_route=%2Fwp%2Fv2%2Fcomments&post=7337"}],"version-history":[{"count":1,"href":"https:\/\/blog.liesdoch.de\/index.php?rest_route=\/wp\/v2\/posts\/7337\/revisions"}],"predecessor-version":[{"id":7339,"href":"https:\/\/blog.liesdoch.de\/index.php?rest_route=\/wp\/v2\/posts\/7337\/revisions\/7339"}],"wp:attachment":[{"href":"https:\/\/blog.liesdoch.de\/index.php?rest_route=%2Fwp%2Fv2%2Fmedia&parent=7337"}],"wp:term":[{"taxonomy":"category","embeddable":true,"href":"https:\/\/blog.liesdoch.de\/index.php?rest_route=%2Fwp%2Fv2%2Fcategories&post=7337"},{"taxonomy":"post_tag","embeddable":true,"href":"https:\/\/blog.liesdoch.de\/index.php?rest_route=%2Fwp%2Fv2%2Ftags&post=7337"}],"curies":[{"name":"wp","href":"https:\/\/api.w.org\/{rel}","templated":true}]}}