{"id":7343,"date":"2019-03-12T11:57:36","date_gmt":"2019-03-12T09:57:36","guid":{"rendered":"http:\/\/blog.liesdoch.de\/?p=7343"},"modified":"2019-03-12T11:57:36","modified_gmt":"2019-03-12T09:57:36","slug":"der-wolf-und-die-fliege","status":"publish","type":"post","link":"https:\/\/blog.liesdoch.de\/?p=7343","title":{"rendered":"Der Wolf und die Fliege"},"content":{"rendered":"<p>&nbsp;<\/p>\n<p>&nbsp;<\/p>\n<p><a href=\"http:\/\/blog.liesdoch.de\/wp-content\/uploads\/2019\/03\/54453039n.jpg\"><img loading=\"lazy\" decoding=\"async\" class=\"alignnone size-full wp-image-7344\" src=\"http:\/\/blog.liesdoch.de\/wp-content\/uploads\/2019\/03\/54453039n.jpg\" alt=\"\" width=\"242\" height=\"242\" srcset=\"https:\/\/blog.liesdoch.de\/wp-content\/uploads\/2019\/03\/54453039n.jpg 242w, https:\/\/blog.liesdoch.de\/wp-content\/uploads\/2019\/03\/54453039n-150x150.jpg 150w\" sizes=\"auto, (max-width: 242px) 100vw, 242px\" \/><\/a><\/p>\n<p>Antje Damm, Der Wolf und die Fliege, Moritz Verlag 2019, ISBB 978-3-89565-367-4<\/p>\n<p>&nbsp;<\/p>\n<p>Insgesamt 8 Sachen hat Antje Damm auf den jeweils rechten Seiten\u00a0 ihres neuen kleinen Bilderbuchs auf ein Regal gepackt. Eine gelbe Badeente, einen gr\u00fcnen Apfel, einen Fisch, eine Kaktus, ein kleines Auto, eine Fliege, einen Vogel und eine Katze.<\/p>\n<p>&nbsp;<\/p>\n<p>Auf der jeweils linken Seite des Buches ist ein hungriger Wolf zu sehen. Mit jeder neuen Seite verschluckt er eines der Sachen und er f\u00e4ngt mit der Katze an. Weil er immer noch Hunger hat, verschluckt er bis zu vorletzten Seite alles au\u00dfer dem Kaktus, weil W\u00f6lfe kein Gr\u00fcnzeug m\u00f6gen. Aber die Fliege verspeist er noch. Doch das stellt sich als Fehler heraus. Denn die Fliege wehrt sich und kitzelt den Wolf so lange im Bauch, bis er alle wieder ausspuckt.<\/p>\n<p>Und wenn am Schluss alles, was verschluckt wurde, wieder ans Tageslicht kommt, kann das Spiel von neuem beginnen.<\/p>\n<p>&nbsp;<\/p>\n<p>Ein lustiges kleines Pappbilderbuch, das keine Kinder mit Sicherheit immer wieder anschauen m\u00f6gen.<\/p>\n<p>&nbsp;<\/p>\n<p>&nbsp;<\/p>\n<p>&nbsp;<\/p>\n<p>&nbsp;<\/p>\n","protected":false},"excerpt":{"rendered":"<p>&nbsp; &nbsp; Antje Damm, Der Wolf und die Fliege, Moritz Verlag 2019, ISBB 978-3-89565-367-4 &nbsp; Insgesamt 8 Sachen hat Antje Damm auf den jeweils rechten Seiten\u00a0 ihres neuen kleinen Bilderbuchs auf ein Regal gepackt. Eine gelbe Badeente, einen gr\u00fcnen Apfel, einen Fisch, eine Kaktus, ein kleines Auto, eine Fliege, einen Vogel und eine Katze. &nbsp; &hellip; <a href=\"https:\/\/blog.liesdoch.de\/?p=7343\" class=\"more-link\"><span class=\"screen-reader-text\">Der Wolf und die Fliege<\/span> weiterlesen <span class=\"meta-nav\">&rarr;<\/span><\/a><\/p>\n","protected":false},"author":6,"featured_media":0,"comment_status":"closed","ping_status":"open","sticky":false,"template":"","format":"standard","meta":{"footnotes":""},"categories":[1],"tags":[],"class_list":["post-7343","post","type-post","status-publish","format-standard","hentry","category-allgemein"],"_links":{"self":[{"href":"https:\/\/blog.liesdoch.de\/index.php?rest_route=\/wp\/v2\/posts\/7343","targetHints":{"allow":["GET"]}}],"collection":[{"href":"https:\/\/blog.liesdoch.de\/index.php?rest_route=\/wp\/v2\/posts"}],"about":[{"href":"https:\/\/blog.liesdoch.de\/index.php?rest_route=\/wp\/v2\/types\/post"}],"author":[{"embeddable":true,"href":"https:\/\/blog.liesdoch.de\/index.php?rest_route=\/wp\/v2\/users\/6"}],"replies":[{"embeddable":true,"href":"https:\/\/blog.liesdoch.de\/index.php?rest_route=%2Fwp%2Fv2%2Fcomments&post=7343"}],"version-history":[{"count":1,"href":"https:\/\/blog.liesdoch.de\/index.php?rest_route=\/wp\/v2\/posts\/7343\/revisions"}],"predecessor-version":[{"id":7345,"href":"https:\/\/blog.liesdoch.de\/index.php?rest_route=\/wp\/v2\/posts\/7343\/revisions\/7345"}],"wp:attachment":[{"href":"https:\/\/blog.liesdoch.de\/index.php?rest_route=%2Fwp%2Fv2%2Fmedia&parent=7343"}],"wp:term":[{"taxonomy":"category","embeddable":true,"href":"https:\/\/blog.liesdoch.de\/index.php?rest_route=%2Fwp%2Fv2%2Fcategories&post=7343"},{"taxonomy":"post_tag","embeddable":true,"href":"https:\/\/blog.liesdoch.de\/index.php?rest_route=%2Fwp%2Fv2%2Ftags&post=7343"}],"curies":[{"name":"wp","href":"https:\/\/api.w.org\/{rel}","templated":true}]}}