{"id":7349,"date":"2019-03-12T11:58:47","date_gmt":"2019-03-12T09:58:47","guid":{"rendered":"http:\/\/blog.liesdoch.de\/?p=7349"},"modified":"2019-03-12T11:58:47","modified_gmt":"2019-03-12T09:58:47","slug":"wieso-weshalb-warum-wir-entdecken-feste-und-braeuche","status":"publish","type":"post","link":"https:\/\/blog.liesdoch.de\/?p=7349","title":{"rendered":"Wieso.Weshalb,. Warum. Wir entdecken Feste und Br\u00e4uche"},"content":{"rendered":"<p>&nbsp;<\/p>\n<p>&nbsp;<\/p>\n<p>&nbsp;<\/p>\n<p><a href=\"http:\/\/blog.liesdoch.de\/wp-content\/uploads\/2019\/03\/53769758n.jpg\"><img loading=\"lazy\" decoding=\"async\" class=\"alignnone size-full wp-image-7350\" src=\"http:\/\/blog.liesdoch.de\/wp-content\/uploads\/2019\/03\/53769758n.jpg\" alt=\"\" width=\"242\" height=\"284\" \/><\/a><\/p>\n<p>Andrea Erne, Susanne Szesny, Wieso.Weshalb,. Warum. Wir entdecken Feste und Br\u00e4uche, Ravensburger Verlag 2019, ISBN 978-3-473-32946-5<\/p>\n<p>&nbsp;<\/p>\n<p>Dieses Buch aus der durchweg empfehlenswerten Sachbuchreihe Wieso? Weshalb? Warum? f\u00fcr Kinder von vier bis sieben Jahren aus dem Ravensburger Verlag gibt auf insgesamt acht Doppelseiten mit vielen Klappen, die Einblicke erm\u00f6glichen und\u00a0 Bewegungen und Abl\u00e4ufe veranschaulichen, eine Einf\u00fchrung in ein Thema, das Kinder in etwas einf\u00fchrt, was in unserer schnelle modernen Zeit verloren zu gehen droht. Es geht um Feste und Br\u00e4uche bei uns in anderen L\u00e4ndern.<\/p>\n<p>&nbsp;<\/p>\n<p>Zun\u00e4chst wird beschrieben, warum Menschen \u00fcberhaupt Feste feiern, bevor dann dem Lauf des Jahres entlang verschiedene feste beschrieben werden. Die Begr\u00fc\u00dfung des neuen Jahres, die verschiedenen Formen des Faschings, Traditionen anl\u00e4sslich des Fr\u00fchlingsanfangs, besondere Kinderfeste, der Sinn von Ostern, Maifeste, Sommerfeste.<\/p>\n<p>&nbsp;<\/p>\n<p>Auch Feste in anderen L\u00e4ndern, Nationalfeiertag werden beschrieben, bevor es zu den Festen am Ende des Jahres geht. Laternenfest, Nikolaus und Weihnachten bilden den Abschlu\u00df eines Sachbilderbuchs f\u00fcr Kinder zwischen vier und sieben Jahren, dem es sehr gut gelungen ist, die Vielfalt des Themas altersgerecht darzustellen, das mit vielen Klappen zum Entdecken und Weiterfragen einl\u00e4dt.<\/p>\n<p>&nbsp;<\/p>\n<p>&nbsp;<\/p>\n<p>&nbsp;<\/p>\n<p>&nbsp;<\/p>\n<p>&nbsp;<\/p>\n<p>&nbsp;<\/p>\n<p>&nbsp;<\/p>\n<p>&nbsp;<\/p>\n","protected":false},"excerpt":{"rendered":"<p>&nbsp; &nbsp; &nbsp; Andrea Erne, Susanne Szesny, Wieso.Weshalb,. Warum. Wir entdecken Feste und Br\u00e4uche, Ravensburger Verlag 2019, ISBN 978-3-473-32946-5 &nbsp; Dieses Buch aus der durchweg empfehlenswerten Sachbuchreihe Wieso? Weshalb? Warum? f\u00fcr Kinder von vier bis sieben Jahren aus dem Ravensburger Verlag gibt auf insgesamt acht Doppelseiten mit vielen Klappen, die Einblicke erm\u00f6glichen und\u00a0 Bewegungen und &hellip; <a href=\"https:\/\/blog.liesdoch.de\/?p=7349\" class=\"more-link\"><span class=\"screen-reader-text\">Wieso.Weshalb,. Warum. Wir entdecken Feste und Br\u00e4uche<\/span> weiterlesen <span class=\"meta-nav\">&rarr;<\/span><\/a><\/p>\n","protected":false},"author":6,"featured_media":0,"comment_status":"closed","ping_status":"open","sticky":false,"template":"","format":"standard","meta":{"footnotes":""},"categories":[1],"tags":[],"class_list":["post-7349","post","type-post","status-publish","format-standard","hentry","category-allgemein"],"_links":{"self":[{"href":"https:\/\/blog.liesdoch.de\/index.php?rest_route=\/wp\/v2\/posts\/7349","targetHints":{"allow":["GET"]}}],"collection":[{"href":"https:\/\/blog.liesdoch.de\/index.php?rest_route=\/wp\/v2\/posts"}],"about":[{"href":"https:\/\/blog.liesdoch.de\/index.php?rest_route=\/wp\/v2\/types\/post"}],"author":[{"embeddable":true,"href":"https:\/\/blog.liesdoch.de\/index.php?rest_route=\/wp\/v2\/users\/6"}],"replies":[{"embeddable":true,"href":"https:\/\/blog.liesdoch.de\/index.php?rest_route=%2Fwp%2Fv2%2Fcomments&post=7349"}],"version-history":[{"count":1,"href":"https:\/\/blog.liesdoch.de\/index.php?rest_route=\/wp\/v2\/posts\/7349\/revisions"}],"predecessor-version":[{"id":7351,"href":"https:\/\/blog.liesdoch.de\/index.php?rest_route=\/wp\/v2\/posts\/7349\/revisions\/7351"}],"wp:attachment":[{"href":"https:\/\/blog.liesdoch.de\/index.php?rest_route=%2Fwp%2Fv2%2Fmedia&parent=7349"}],"wp:term":[{"taxonomy":"category","embeddable":true,"href":"https:\/\/blog.liesdoch.de\/index.php?rest_route=%2Fwp%2Fv2%2Fcategories&post=7349"},{"taxonomy":"post_tag","embeddable":true,"href":"https:\/\/blog.liesdoch.de\/index.php?rest_route=%2Fwp%2Fv2%2Ftags&post=7349"}],"curies":[{"name":"wp","href":"https:\/\/api.w.org\/{rel}","templated":true}]}}