{"id":7393,"date":"2019-03-28T09:35:57","date_gmt":"2019-03-28T07:35:57","guid":{"rendered":"http:\/\/blog.liesdoch.de\/?p=7393"},"modified":"2019-03-28T09:35:57","modified_gmt":"2019-03-28T07:35:57","slug":"sommer-in-super-8","status":"publish","type":"post","link":"https:\/\/blog.liesdoch.de\/?p=7393","title":{"rendered":"Sommer in Super 8"},"content":{"rendered":"<p>&nbsp;<\/p>\n<p>&nbsp;<\/p>\n<p><a href=\"http:\/\/blog.liesdoch.de\/wp-content\/uploads\/2019\/03\/51399718n.jpg\"><img loading=\"lazy\" decoding=\"async\" class=\"alignnone size-medium wp-image-7394\" src=\"http:\/\/blog.liesdoch.de\/wp-content\/uploads\/2019\/03\/51399718n-189x300.jpg\" alt=\"\" width=\"189\" height=\"300\" srcset=\"https:\/\/blog.liesdoch.de\/wp-content\/uploads\/2019\/03\/51399718n-189x300.jpg 189w, https:\/\/blog.liesdoch.de\/wp-content\/uploads\/2019\/03\/51399718n.jpg 242w\" sizes=\"auto, (max-width: 189px) 100vw, 189px\" \/><\/a><\/p>\n<p>Anne M\u00fcller, Sommer in Super 8, Penguin 2018, ISBN 978-3-328-60015-2<\/p>\n<p>&nbsp;<\/p>\n<p>Der in Schleswig-Holstein aufgewachsenen und heute in Berlin lebenden Schriftstellerin Anne M\u00fcller ist mit ihrem ersten literarischen Roman ein ganz besonderes Buch gelungen. Ein Buch, das in den siebziger Jahren des vergangenen Jahrhunderts spielt und die Atmosph\u00e4re dieser Zeit, ihrer Mode und ihrer Musik auf eine Weise einf\u00e4ngt, die jeden, ob Mann oder Frau, der in diesem Jahrzehnt jung war, das Buch wegen des hohen Wiedererkennungswertes der eigenen Jugend nicht mehr aus der Hand legen l\u00e4sst.<\/p>\n<p>&nbsp;<\/p>\n<p>Clara, die die Geschichte ihrer Familie und ihre eigene Rolle darin in diesem Buch erz\u00e4hlt, ist 1963 geboren, an einem Mittwoch, wie sie extra betont, denn alles Wichtige in ihrem Leben passierte an einem Mittwoch. Sie ist das mittlere von schlie\u00dflich f\u00fcnf Kindern einer Landarztfamilie in dem imagin\u00e4ren Dorf Schallerup hoch im Norden der Republik. Die Familie K\u00f6nig ist gebildet, da gibt es Hausmusik, die Kinder spielen je nach Stimmungslage des Vaters ausgew\u00e4hlte St\u00fccke. Claras Mutter ist eine sch\u00f6ne Frau, elegant und klug und die Partys, die sie regelm\u00e4\u00dfig organisiert in ihrem Haus und Garten f\u00fcr Menschen aus dem Ort und der Umgebung aus ihrer Schicht, sind legend\u00e4r.<\/p>\n<p>&nbsp;<\/p>\n<p>Claras Vater wird von seinen Patienten als ein guter, weltoffener und witziger Arzt gesch\u00e4tzt und geliebt. Dass er ein veritables Alkoholproblem hat, \u00fcbersehen sie konsequent, ja sie bieten ihm bei Hausbesuchen immer einen an.<\/p>\n<p>&nbsp;<\/p>\n<p>F\u00fcr Clara hat der Vater, der schon besonders in Urlauben seine Familie auf Super 8 Filmen festh\u00e4lt, eine gro\u00dfe Bedeutung. Sie bewundert ihn, orientiert sich an ihm und sp\u00fcrt deshalb auch schon bald und vielleicht als erstes der Kinder, dass sich der Vater ver\u00e4ndert. Sein Alkoholkonsum wird st\u00e4rker, seien Launen heftiger und seine Eskapaden h\u00e4ufiger.<\/p>\n<p>&nbsp;<\/p>\n<p>Indem sie \u00e4lter wird, ver\u00e4ndert sich der Fokus ihrer Erinnerungen von der Familie und der ausf\u00fchrlichen Beschreibung ihrer Mitglieder hin zu ihrer eigenen Teenagerzeit mit ihrer eigenen Kultur. Auch hier ein extrem hoher Wiedererkennungswert f\u00fcr LeserInnen, die um diese Zeit erwachsen wurden. Doch sobald sich ihr Blick wieder auf die Familie, insbesondere auf den Vater richtet (die Mutter bleibt erstaunlich blass im Roman), sp\u00fcrt und beschreibt sie, welch dramatische Ver\u00e4nderungen dort vor sich gehen. Und als das Schreckliche und Endg\u00fcltige passiert, ist es nat\u00fcrlich an einem Mittwoch.<\/p>\n<p>&nbsp;<\/p>\n<p>Anne M\u00fcllers Buch ist ein gro\u00dfer, unterhaltsamer und gleichzeitig tiefg\u00e4ngiger Familienroman.<\/p>\n<p>Die Autorin vermag auf einf\u00fchlsame Art und mit einer zarten und poetischen Sprache die Gef\u00fchlswelt und Gedankeng\u00e4nge eines M\u00e4dchens zu vermitteln, das zwischen unbeschwerter Kindheit und erstem Erwachen lebt, sich zwischen Schule, Kirche und Familie bewegt, seine erste Verliebtheit und die folgende \u00a0Entt\u00e4uschung und mit dem Schicksal des Vaters die tiefe Trauer des Lebens erf\u00e4hrt und so erwachsen wird.<\/p>\n<p>&nbsp;<\/p>\n<p>&nbsp;<\/p>\n<p>&nbsp;<\/p>\n<p>&nbsp;<\/p>\n","protected":false},"excerpt":{"rendered":"<p>&nbsp; &nbsp; Anne M\u00fcller, Sommer in Super 8, Penguin 2018, ISBN 978-3-328-60015-2 &nbsp; Der in Schleswig-Holstein aufgewachsenen und heute in Berlin lebenden Schriftstellerin Anne M\u00fcller ist mit ihrem ersten literarischen Roman ein ganz besonderes Buch gelungen. Ein Buch, das in den siebziger Jahren des vergangenen Jahrhunderts spielt und die Atmosph\u00e4re dieser Zeit, ihrer Mode und &hellip; <a href=\"https:\/\/blog.liesdoch.de\/?p=7393\" class=\"more-link\"><span class=\"screen-reader-text\">Sommer in Super 8<\/span> weiterlesen <span class=\"meta-nav\">&rarr;<\/span><\/a><\/p>\n","protected":false},"author":6,"featured_media":0,"comment_status":"closed","ping_status":"open","sticky":false,"template":"","format":"standard","meta":{"footnotes":""},"categories":[1],"tags":[],"class_list":["post-7393","post","type-post","status-publish","format-standard","hentry","category-allgemein"],"_links":{"self":[{"href":"https:\/\/blog.liesdoch.de\/index.php?rest_route=\/wp\/v2\/posts\/7393","targetHints":{"allow":["GET"]}}],"collection":[{"href":"https:\/\/blog.liesdoch.de\/index.php?rest_route=\/wp\/v2\/posts"}],"about":[{"href":"https:\/\/blog.liesdoch.de\/index.php?rest_route=\/wp\/v2\/types\/post"}],"author":[{"embeddable":true,"href":"https:\/\/blog.liesdoch.de\/index.php?rest_route=\/wp\/v2\/users\/6"}],"replies":[{"embeddable":true,"href":"https:\/\/blog.liesdoch.de\/index.php?rest_route=%2Fwp%2Fv2%2Fcomments&post=7393"}],"version-history":[{"count":1,"href":"https:\/\/blog.liesdoch.de\/index.php?rest_route=\/wp\/v2\/posts\/7393\/revisions"}],"predecessor-version":[{"id":7395,"href":"https:\/\/blog.liesdoch.de\/index.php?rest_route=\/wp\/v2\/posts\/7393\/revisions\/7395"}],"wp:attachment":[{"href":"https:\/\/blog.liesdoch.de\/index.php?rest_route=%2Fwp%2Fv2%2Fmedia&parent=7393"}],"wp:term":[{"taxonomy":"category","embeddable":true,"href":"https:\/\/blog.liesdoch.de\/index.php?rest_route=%2Fwp%2Fv2%2Fcategories&post=7393"},{"taxonomy":"post_tag","embeddable":true,"href":"https:\/\/blog.liesdoch.de\/index.php?rest_route=%2Fwp%2Fv2%2Ftags&post=7393"}],"curies":[{"name":"wp","href":"https:\/\/api.w.org\/{rel}","templated":true}]}}