{"id":7402,"date":"2019-03-28T09:37:37","date_gmt":"2019-03-28T07:37:37","guid":{"rendered":"http:\/\/blog.liesdoch.de\/?p=7402"},"modified":"2019-03-28T09:37:37","modified_gmt":"2019-03-28T07:37:37","slug":"all-die-jahre","status":"publish","type":"post","link":"https:\/\/blog.liesdoch.de\/?p=7402","title":{"rendered":"All die Jahre"},"content":{"rendered":"<p>&nbsp;<\/p>\n<p>&nbsp;<\/p>\n<p><a href=\"http:\/\/blog.liesdoch.de\/wp-content\/uploads\/2019\/03\/49470297n.jpg\"><img loading=\"lazy\" decoding=\"async\" class=\"alignnone size-medium wp-image-7403\" src=\"http:\/\/blog.liesdoch.de\/wp-content\/uploads\/2019\/03\/49470297n-184x300.jpg\" alt=\"\" width=\"184\" height=\"300\" srcset=\"https:\/\/blog.liesdoch.de\/wp-content\/uploads\/2019\/03\/49470297n-184x300.jpg 184w, https:\/\/blog.liesdoch.de\/wp-content\/uploads\/2019\/03\/49470297n.jpg 242w\" sizes=\"auto, (max-width: 184px) 100vw, 184px\" \/><\/a><\/p>\n<p>J.Courtney Sullivan, All die Jahre, Deuticke Verlag 20918, ISBN 978-3-552-06366-2<\/p>\n<p>&nbsp;<\/p>\n<p>Nach ihren beiden ebenfalls bei Deuticke in Wien erschienenen Romanen \u201eSommer in Maine\u201c und \u201eVerlobungen\u201c legt die in New York lebende Schriftstellerin J. Courtney Sullivan mit \u201eAll die Jahre\u201c ihren n\u00e4chsten umfangreichen Familienroman vor. Zwischen der Gegenwartsebene im Jahr 2009 und verschiedenen Zeitebenen der Vergangenheit wechselnd erz\u00e4hlt sie die bewegte Geschichte von Nora Flynn und ihrer Schwester Theresa.<\/p>\n<p>&nbsp;<\/p>\n<p>Nora Flynn ist 21 Jahre alt, als sie mit ihrer j\u00fcngeren Schwester Theresa aus Irland nach Amerika auswandert. Sie will mit dieser Emigration ihrem Verlobten folgen, der schon in den USA ist und ihrer Schwester dort eine Ausbildung erm\u00f6glichen.<\/p>\n<p>&nbsp;<\/p>\n<p>Doch Theresa wird schwanger und Nora trifft aus Gr\u00fcnden, die nicht verraten werden sollen, eine schwerwiegende Entscheidung und w\u00e4hlt ein Leben als Nonne.<\/p>\n<p>&nbsp;<\/p>\n<p>\u00dcber f\u00fcnfzig Jahre sp\u00e4ter werden die beiden Schwestern nach einem t\u00f6dlichen Unfall des \u00e4ltesten Sohnes von Theresa wieder Kontakt miteinander aufnehmen, nachdem eine jahrzehntelanges Schweigen zwischen ihnen herrschte. Und sie sehen sich gezwungen, sich in einem schmerzhaften Erinnerungsprozess mit dem auseinandersetzen, was ihr Leben f\u00fcr immer ver\u00e4ndert hat.<\/p>\n<p>&nbsp;<\/p>\n<p>\u201eAll die Jahre\u201c ist ein gelungener Familienroman, der historische Vergangenheit und Gegenwart einer Familie und zweier Schwestern miteinander verbindet, ein Leben mit vielen Geheimnissen, die St\u00fcck f\u00fcr St\u00fcck ans Licht kommen. Am Ende l\u00e4dt Sullivan ihre Leser ein, sich ihr eigenes Ende weiterzuspinnen.<\/p>\n<p>&nbsp;<\/p>\n<p>&nbsp;<\/p>\n<p>&nbsp;<\/p>\n","protected":false},"excerpt":{"rendered":"<p>&nbsp; &nbsp; J.Courtney Sullivan, All die Jahre, Deuticke Verlag 20918, ISBN 978-3-552-06366-2 &nbsp; Nach ihren beiden ebenfalls bei Deuticke in Wien erschienenen Romanen \u201eSommer in Maine\u201c und \u201eVerlobungen\u201c legt die in New York lebende Schriftstellerin J. Courtney Sullivan mit \u201eAll die Jahre\u201c ihren n\u00e4chsten umfangreichen Familienroman vor. Zwischen der Gegenwartsebene im Jahr 2009 und verschiedenen &hellip; <a href=\"https:\/\/blog.liesdoch.de\/?p=7402\" class=\"more-link\"><span class=\"screen-reader-text\">All die Jahre<\/span> weiterlesen <span class=\"meta-nav\">&rarr;<\/span><\/a><\/p>\n","protected":false},"author":6,"featured_media":0,"comment_status":"closed","ping_status":"open","sticky":false,"template":"","format":"standard","meta":{"footnotes":""},"categories":[1],"tags":[],"class_list":["post-7402","post","type-post","status-publish","format-standard","hentry","category-allgemein"],"_links":{"self":[{"href":"https:\/\/blog.liesdoch.de\/index.php?rest_route=\/wp\/v2\/posts\/7402","targetHints":{"allow":["GET"]}}],"collection":[{"href":"https:\/\/blog.liesdoch.de\/index.php?rest_route=\/wp\/v2\/posts"}],"about":[{"href":"https:\/\/blog.liesdoch.de\/index.php?rest_route=\/wp\/v2\/types\/post"}],"author":[{"embeddable":true,"href":"https:\/\/blog.liesdoch.de\/index.php?rest_route=\/wp\/v2\/users\/6"}],"replies":[{"embeddable":true,"href":"https:\/\/blog.liesdoch.de\/index.php?rest_route=%2Fwp%2Fv2%2Fcomments&post=7402"}],"version-history":[{"count":1,"href":"https:\/\/blog.liesdoch.de\/index.php?rest_route=\/wp\/v2\/posts\/7402\/revisions"}],"predecessor-version":[{"id":7404,"href":"https:\/\/blog.liesdoch.de\/index.php?rest_route=\/wp\/v2\/posts\/7402\/revisions\/7404"}],"wp:attachment":[{"href":"https:\/\/blog.liesdoch.de\/index.php?rest_route=%2Fwp%2Fv2%2Fmedia&parent=7402"}],"wp:term":[{"taxonomy":"category","embeddable":true,"href":"https:\/\/blog.liesdoch.de\/index.php?rest_route=%2Fwp%2Fv2%2Fcategories&post=7402"},{"taxonomy":"post_tag","embeddable":true,"href":"https:\/\/blog.liesdoch.de\/index.php?rest_route=%2Fwp%2Fv2%2Ftags&post=7402"}],"curies":[{"name":"wp","href":"https:\/\/api.w.org\/{rel}","templated":true}]}}