{"id":7405,"date":"2019-03-28T09:38:07","date_gmt":"2019-03-28T07:38:07","guid":{"rendered":"http:\/\/blog.liesdoch.de\/?p=7405"},"modified":"2019-03-28T09:38:07","modified_gmt":"2019-03-28T07:38:07","slug":"kuss","status":"publish","type":"post","link":"https:\/\/blog.liesdoch.de\/?p=7405","title":{"rendered":"Kuss"},"content":{"rendered":"<p>&nbsp;<\/p>\n<p>&nbsp;<\/p>\n<p>&nbsp;<\/p>\n<p><a href=\"http:\/\/blog.liesdoch.de\/wp-content\/uploads\/2019\/03\/54524695n.jpg\"><img loading=\"lazy\" decoding=\"async\" class=\"alignnone size-medium wp-image-7406\" src=\"http:\/\/blog.liesdoch.de\/wp-content\/uploads\/2019\/03\/54524695n-187x300.jpg\" alt=\"\" width=\"187\" height=\"300\" srcset=\"https:\/\/blog.liesdoch.de\/wp-content\/uploads\/2019\/03\/54524695n-187x300.jpg 187w, https:\/\/blog.liesdoch.de\/wp-content\/uploads\/2019\/03\/54524695n.jpg 242w\" sizes=\"auto, (max-width: 187px) 100vw, 187px\" \/><\/a><\/p>\n<p>Simone Meier, Kuss, Kein &amp; Aber 2019, ISBN 978-3-0369-5794-4<\/p>\n<p>&nbsp;<\/p>\n<p>Der neue Roman von Simone Meier hat es in sich. Auf eine witzige und\u00a0 dennoch total ernsthafte, auf eine schonungslose und dennoch augenzwinkernde Weise beschreibt und dekonstruiert sie die Beziehungen und Fantasien von drei modernen Menschen, die geradezu aus unserer eigenen Umgebung stammen k\u00f6nnten. Ich bin davon \u00fcberzeugt, dass es bei aller \u00dcberzeichnung in der Gegenwart sehr viele solche Menschen gibt, die mit ihren Beziehungen und mit ihren Lebensplanungen nicht wirklich zurechtkommen.<\/p>\n<p>&nbsp;<\/p>\n<p>Da ist zun\u00e4chst das Paar Gerda und Yann. Sie sind beide in den Drei\u00dfigern und haben, wohl in Z\u00fcrich, in einer alten Siedlung am Stadtrand ein heruntergekommenes altes Haus bezogen. Gerda ist vor einiger Zeit arbeitslos geworden, k\u00f6nnte spielend einen neuen Job bekommen, l\u00fcgt sich aber damit in die Tasche, dass sie auf eine \u00fcbersteigerte Weise sich um die Renovierung und Versch\u00f6nerung des Hauses k\u00fcmmert. Die n\u00f6tigt ihrem Partner Yann Respekt ab und hindert ihn gleichzeitig daran, zwei Fragen zu stellen, die ihm eigentlich auf den N\u00e4geln brennen. Wann wird Gerda wieder arbeiten gehen und falls nicht, wann werden sie eine Familie gr\u00fcnden? Genau diese Fragen meidet Gerda wie der Teufel das Weihwasser, w\u00e4hrend Yann seinen anspruchsvollen Job klaglos erledigt.<\/p>\n<p>&nbsp;<\/p>\n<p>Doch beide sind sie unzufrieden. Gerda fl\u00fcchtet sich in eine imagin\u00e4re Aff\u00e4re, die zun\u00e4chst wie ein Spiel sich f\u00fcr sie anf\u00fchlt, doch bald\u00a0 sie mit aller Macht zu verzehren beginnt.\u00a0 Yann zeigt sich auch nicht sicher, als er ein r\u00e4tselhaftes M\u00e4dchen voller anspruchsvoller Forderungen\u00a0 kennenlernt.<\/p>\n<p>&nbsp;<\/p>\n<p>Und die zun\u00e4chst lange unsichtbar bleibende, dann aber mit Macht im Roman agierende Nachbarin Valerie, eine etwa 50- j\u00e4hrige Journalistin sieht sich nach einer folgenreichen Nacht pl\u00f6tzlich mit der Frage konfrontiert, ob das Leben ausgerechnet f\u00fcr sie noch einmal einen neuen Anfang bereit h\u00e4lt.<\/p>\n<p>\u201eKuss\u201c ist ein Roman \u00fcber moderne Beziehungen und was sie verhindert bzw. zerst\u00f6rt.\u00a0 Er beschreibt die L\u00fccke, die Leere, wenn das Prickeln und die Schmetterlinge am Anfang einer Beziehung abgel\u00f6st worden sind von einem Alltag, in dem die Langeweile Menschen dazu treibt, ihr Seelenheil und Gl\u00fcck, ja auch das Prickeln in fantasierten oder tats\u00e4chlichen\u00a0 Anderen zu suchen. Und was geschieht, wenn sie dadurch etwas in Gang setzen, was sie alle zusammen unwiderruflich ins Ungl\u00fcck st\u00fcrzt?<\/p>\n<p>&nbsp;<\/p>\n<p>Obwohl sehr unterhaltsam, weil \u00fcberaus witzig geschrieben, ist \u201eKuss\u201c dennoch ein verst\u00f6render Roman \u00fcber die Beziehungsunf\u00e4higkeit junger Menschen. Ich wurde den Eindruck nicht los, dass hier nicht nur drei Protagonisten beschrieben werden, sondern dass es viele, zu viele sind, denen es in der Gegenwart so geht. Man mag sich das einsame Elend dieser Menschen im Alter gar nicht vorstellen.<\/p>\n<p>&nbsp;<\/p>\n","protected":false},"excerpt":{"rendered":"<p>&nbsp; &nbsp; &nbsp; Simone Meier, Kuss, Kein &amp; Aber 2019, ISBN 978-3-0369-5794-4 &nbsp; Der neue Roman von Simone Meier hat es in sich. Auf eine witzige und\u00a0 dennoch total ernsthafte, auf eine schonungslose und dennoch augenzwinkernde Weise beschreibt und dekonstruiert sie die Beziehungen und Fantasien von drei modernen Menschen, die geradezu aus unserer eigenen Umgebung &hellip; <a href=\"https:\/\/blog.liesdoch.de\/?p=7405\" class=\"more-link\"><span class=\"screen-reader-text\">Kuss<\/span> weiterlesen <span class=\"meta-nav\">&rarr;<\/span><\/a><\/p>\n","protected":false},"author":6,"featured_media":0,"comment_status":"closed","ping_status":"open","sticky":false,"template":"","format":"standard","meta":{"footnotes":""},"categories":[1],"tags":[],"class_list":["post-7405","post","type-post","status-publish","format-standard","hentry","category-allgemein"],"_links":{"self":[{"href":"https:\/\/blog.liesdoch.de\/index.php?rest_route=\/wp\/v2\/posts\/7405","targetHints":{"allow":["GET"]}}],"collection":[{"href":"https:\/\/blog.liesdoch.de\/index.php?rest_route=\/wp\/v2\/posts"}],"about":[{"href":"https:\/\/blog.liesdoch.de\/index.php?rest_route=\/wp\/v2\/types\/post"}],"author":[{"embeddable":true,"href":"https:\/\/blog.liesdoch.de\/index.php?rest_route=\/wp\/v2\/users\/6"}],"replies":[{"embeddable":true,"href":"https:\/\/blog.liesdoch.de\/index.php?rest_route=%2Fwp%2Fv2%2Fcomments&post=7405"}],"version-history":[{"count":1,"href":"https:\/\/blog.liesdoch.de\/index.php?rest_route=\/wp\/v2\/posts\/7405\/revisions"}],"predecessor-version":[{"id":7407,"href":"https:\/\/blog.liesdoch.de\/index.php?rest_route=\/wp\/v2\/posts\/7405\/revisions\/7407"}],"wp:attachment":[{"href":"https:\/\/blog.liesdoch.de\/index.php?rest_route=%2Fwp%2Fv2%2Fmedia&parent=7405"}],"wp:term":[{"taxonomy":"category","embeddable":true,"href":"https:\/\/blog.liesdoch.de\/index.php?rest_route=%2Fwp%2Fv2%2Fcategories&post=7405"},{"taxonomy":"post_tag","embeddable":true,"href":"https:\/\/blog.liesdoch.de\/index.php?rest_route=%2Fwp%2Fv2%2Ftags&post=7405"}],"curies":[{"name":"wp","href":"https:\/\/api.w.org\/{rel}","templated":true}]}}