{"id":7432,"date":"2019-04-02T08:45:24","date_gmt":"2019-04-02T06:45:24","guid":{"rendered":"http:\/\/blog.liesdoch.de\/?p=7432"},"modified":"2019-04-02T08:45:24","modified_gmt":"2019-04-02T06:45:24","slug":"das-kleine","status":"publish","type":"post","link":"https:\/\/blog.liesdoch.de\/?p=7432","title":{"rendered":"Das Kleine"},"content":{"rendered":"<p>&nbsp;<\/p>\n<p>&nbsp;<\/p>\n<p>&nbsp;<\/p>\n<p><a href=\"http:\/\/blog.liesdoch.de\/wp-content\/uploads\/2019\/04\/50112254n.jpg\"><img loading=\"lazy\" decoding=\"async\" class=\"alignnone size-full wp-image-7433\" src=\"http:\/\/blog.liesdoch.de\/wp-content\/uploads\/2019\/04\/50112254n.jpg\" alt=\"\" width=\"242\" height=\"299\" \/><\/a><\/p>\n<p>ISOL, Das Kleine, Jungbrunnen Verlag 2018, ISBN 978-3-7026-5920-2<\/p>\n<p>&nbsp;<\/p>\n<p>Marisol Misenta, geboren am 6. M\u00e4rz 1972 in Buenos Aires\u00a0 ist eine argentinische Illustratorin, Kinderbuchautorin und S\u00e4ngerin, deren Mononym <em>Isol<\/em> ist. Schon 2015 hat sie dort ein wunderbares Bilderbuch ver\u00f6ffentlicht mit dem Titel\u00a0 \u201eDas Kleine\u201c, vermutlich nach der Geburt eines eigenen Kindes. Jedenfalls ist es gewidmet \u201eAnton und seinem Papa\u201c.<\/p>\n<p>&nbsp;<\/p>\n<p>Mit f\u00fcr ISOL typischen knappen Strichzeichnungen wir die Ankunft eines kleinen Menschenkindes auf dieser Erde erz\u00e4hlt, dar\u00fcber r\u00e4soniert, wo es wohl vorher war.\u00a0 Es ist noch sehr klein und wei\u00df noch nicht, was es mit seinem K\u00f6rper anfangen soll und all den Dingen, die er von sich gibt. Doch dass er an Mamas Brust trinken soll, das scheint er von irgendwoher zu wissen.<\/p>\n<p>&nbsp;<\/p>\n<p>Die Zeichnerin und mit ihr der kleine Betrachter des Bilderbuches staunen dar\u00fcber, wie an diesem kleinen\u00a0 Menschenkind alles bestens durchdacht ist, und alles eine bestimmte Funktion hat.<\/p>\n<p>&nbsp;<\/p>\n<p>Da gibt es zum Bespiel eine laute Sirene, die es ert\u00f6nen l\u00e4sst, wen irgendetwas ihm nicht passt oder wenn es etwas braucht.<\/p>\n<p>&nbsp;<\/p>\n<p>Doch nicht nur das Kleine muss sich an eine f\u00fcr ihn neue Situation gew\u00f6hnen, auch die Menschen, zu denen es gekommen ist. F\u00fcr sie ist alles neu, nichts ist mehr so wie vorher. Daran m\u00fcssen sie sich bei aller Freude \u00fcber das Kleine erst gew\u00f6hnen.<\/p>\n<p>&nbsp;<\/p>\n<p>Es wird gr\u00f6\u00dfer und irgendwann lernt es die Sprache seiner Eltern und es erf\u00e4hrt, dass auch die Gro\u00dfen einmal Kleine waren. Das gef\u00e4llt ihm, es f\u00fchlt sich zu Hause \u201eund bleibt f\u00fcr immer da\u201c.<\/p>\n<p>&nbsp;<\/p>\n<p>F\u00fcr alle neuen Eltern und f\u00fcr ihren gr\u00f6\u00dfer werdenden Nachwuchs. Ein witziges Bilderbuch, an dem Ihre Kleinen Spa\u00df haben werden. Machen Sie sich aber auf viele Fragen gefasst. Sie werden wissen wollen, wie das alles bei ihnen war, als sie Babys waren.<\/p>\n<p>&nbsp;<\/p>\n","protected":false},"excerpt":{"rendered":"<p>&nbsp; &nbsp; &nbsp; ISOL, Das Kleine, Jungbrunnen Verlag 2018, ISBN 978-3-7026-5920-2 &nbsp; Marisol Misenta, geboren am 6. M\u00e4rz 1972 in Buenos Aires\u00a0 ist eine argentinische Illustratorin, Kinderbuchautorin und S\u00e4ngerin, deren Mononym Isol ist. Schon 2015 hat sie dort ein wunderbares Bilderbuch ver\u00f6ffentlicht mit dem Titel\u00a0 \u201eDas Kleine\u201c, vermutlich nach der Geburt eines eigenen Kindes. Jedenfalls &hellip; <a href=\"https:\/\/blog.liesdoch.de\/?p=7432\" class=\"more-link\"><span class=\"screen-reader-text\">Das Kleine<\/span> weiterlesen <span class=\"meta-nav\">&rarr;<\/span><\/a><\/p>\n","protected":false},"author":6,"featured_media":0,"comment_status":"closed","ping_status":"open","sticky":false,"template":"","format":"standard","meta":{"footnotes":""},"categories":[1],"tags":[],"class_list":["post-7432","post","type-post","status-publish","format-standard","hentry","category-allgemein"],"_links":{"self":[{"href":"https:\/\/blog.liesdoch.de\/index.php?rest_route=\/wp\/v2\/posts\/7432","targetHints":{"allow":["GET"]}}],"collection":[{"href":"https:\/\/blog.liesdoch.de\/index.php?rest_route=\/wp\/v2\/posts"}],"about":[{"href":"https:\/\/blog.liesdoch.de\/index.php?rest_route=\/wp\/v2\/types\/post"}],"author":[{"embeddable":true,"href":"https:\/\/blog.liesdoch.de\/index.php?rest_route=\/wp\/v2\/users\/6"}],"replies":[{"embeddable":true,"href":"https:\/\/blog.liesdoch.de\/index.php?rest_route=%2Fwp%2Fv2%2Fcomments&post=7432"}],"version-history":[{"count":1,"href":"https:\/\/blog.liesdoch.de\/index.php?rest_route=\/wp\/v2\/posts\/7432\/revisions"}],"predecessor-version":[{"id":7434,"href":"https:\/\/blog.liesdoch.de\/index.php?rest_route=\/wp\/v2\/posts\/7432\/revisions\/7434"}],"wp:attachment":[{"href":"https:\/\/blog.liesdoch.de\/index.php?rest_route=%2Fwp%2Fv2%2Fmedia&parent=7432"}],"wp:term":[{"taxonomy":"category","embeddable":true,"href":"https:\/\/blog.liesdoch.de\/index.php?rest_route=%2Fwp%2Fv2%2Fcategories&post=7432"},{"taxonomy":"post_tag","embeddable":true,"href":"https:\/\/blog.liesdoch.de\/index.php?rest_route=%2Fwp%2Fv2%2Ftags&post=7432"}],"curies":[{"name":"wp","href":"https:\/\/api.w.org\/{rel}","templated":true}]}}