{"id":7435,"date":"2019-04-02T08:45:58","date_gmt":"2019-04-02T06:45:58","guid":{"rendered":"http:\/\/blog.liesdoch.de\/?p=7435"},"modified":"2019-04-02T08:45:58","modified_gmt":"2019-04-02T06:45:58","slug":"pippa-und-pelle-feiern-geburtstag","status":"publish","type":"post","link":"https:\/\/blog.liesdoch.de\/?p=7435","title":{"rendered":"Pippa und Pelle feiern Geburtstag"},"content":{"rendered":"<p>&nbsp;<\/p>\n<p>&nbsp;<\/p>\n<p>&nbsp;<\/p>\n<p><a href=\"http:\/\/blog.liesdoch.de\/wp-content\/uploads\/2019\/04\/54698751n.jpg\"><img loading=\"lazy\" decoding=\"async\" class=\"alignnone size-full wp-image-7436\" src=\"http:\/\/blog.liesdoch.de\/wp-content\/uploads\/2019\/04\/54698751n.jpg\" alt=\"\" width=\"242\" height=\"276\" \/><\/a><\/p>\n<p>Daniela Drescher, Pippa und Pelle feiern Geburtstag, Urachhaus 2019, ISBN 978-3-8251-5187-4<\/p>\n<p>&nbsp;<\/p>\n<p>Das Bilderbuch ist mit den f\u00fcr die Anthroposophen typischen Farbmischungen und\u00a0 \u2013schattierungen sch\u00f6n gemalt und f\u00fcr kleinste Kinder interessant anzuschauen. Ich selbst kenne mich leider in der anthroposophischen Weltanschauung und Philosophie zu wenig aus, um beurteilen zu k\u00f6nnen, welchen Stellenwert Feen, Elfen und Nixen dort haben. Ich vermute einmal, dass sie mehr sind als reine Phantasiefiguren wie in anderen Bilderb\u00fcchern. Die kleinsten Leser aber wird das herzlich wenig interessieren, solange sie mit viel Liebe und Phantasie gemalte Bilder anschauen k\u00f6nnen.<\/p>\n<p>In diesem kleinen Buch feiern die schon aus anderen Bilderb\u00fcchern bekannten Wichtel Pippa und Pelle Geburtstag.<\/p>\n<p>&nbsp;<\/p>\n<p>Die Texte zu den Bildern sind in sch\u00f6ne Reime gefasst, die kleine Kinder ab zwei Jahren bald begeistert nachsprechen werden F\u00fcr sie ist diese sch\u00f6ne Bilderbuchreihe mit Pippa und Pelle gedacht.<\/p>\n<p>&nbsp;<\/p>\n","protected":false},"excerpt":{"rendered":"<p>&nbsp; &nbsp; &nbsp; Daniela Drescher, Pippa und Pelle feiern Geburtstag, Urachhaus 2019, ISBN 978-3-8251-5187-4 &nbsp; Das Bilderbuch ist mit den f\u00fcr die Anthroposophen typischen Farbmischungen und\u00a0 \u2013schattierungen sch\u00f6n gemalt und f\u00fcr kleinste Kinder interessant anzuschauen. Ich selbst kenne mich leider in der anthroposophischen Weltanschauung und Philosophie zu wenig aus, um beurteilen zu k\u00f6nnen, welchen Stellenwert &hellip; <a href=\"https:\/\/blog.liesdoch.de\/?p=7435\" class=\"more-link\"><span class=\"screen-reader-text\">Pippa und Pelle feiern Geburtstag<\/span> weiterlesen <span class=\"meta-nav\">&rarr;<\/span><\/a><\/p>\n","protected":false},"author":6,"featured_media":0,"comment_status":"closed","ping_status":"open","sticky":false,"template":"","format":"standard","meta":{"footnotes":""},"categories":[1],"tags":[],"class_list":["post-7435","post","type-post","status-publish","format-standard","hentry","category-allgemein"],"_links":{"self":[{"href":"https:\/\/blog.liesdoch.de\/index.php?rest_route=\/wp\/v2\/posts\/7435","targetHints":{"allow":["GET"]}}],"collection":[{"href":"https:\/\/blog.liesdoch.de\/index.php?rest_route=\/wp\/v2\/posts"}],"about":[{"href":"https:\/\/blog.liesdoch.de\/index.php?rest_route=\/wp\/v2\/types\/post"}],"author":[{"embeddable":true,"href":"https:\/\/blog.liesdoch.de\/index.php?rest_route=\/wp\/v2\/users\/6"}],"replies":[{"embeddable":true,"href":"https:\/\/blog.liesdoch.de\/index.php?rest_route=%2Fwp%2Fv2%2Fcomments&post=7435"}],"version-history":[{"count":1,"href":"https:\/\/blog.liesdoch.de\/index.php?rest_route=\/wp\/v2\/posts\/7435\/revisions"}],"predecessor-version":[{"id":7437,"href":"https:\/\/blog.liesdoch.de\/index.php?rest_route=\/wp\/v2\/posts\/7435\/revisions\/7437"}],"wp:attachment":[{"href":"https:\/\/blog.liesdoch.de\/index.php?rest_route=%2Fwp%2Fv2%2Fmedia&parent=7435"}],"wp:term":[{"taxonomy":"category","embeddable":true,"href":"https:\/\/blog.liesdoch.de\/index.php?rest_route=%2Fwp%2Fv2%2Fcategories&post=7435"},{"taxonomy":"post_tag","embeddable":true,"href":"https:\/\/blog.liesdoch.de\/index.php?rest_route=%2Fwp%2Fv2%2Ftags&post=7435"}],"curies":[{"name":"wp","href":"https:\/\/api.w.org\/{rel}","templated":true}]}}