{"id":7445,"date":"2019-04-03T11:34:14","date_gmt":"2019-04-03T09:34:14","guid":{"rendered":"http:\/\/blog.liesdoch.de\/?p=7445"},"modified":"2019-04-03T11:34:14","modified_gmt":"2019-04-03T09:34:14","slug":"hase-hibiskus-und-der-moehrenklau","status":"publish","type":"post","link":"https:\/\/blog.liesdoch.de\/?p=7445","title":{"rendered":"Hase Hibiskus und der M\u00f6hrenklau"},"content":{"rendered":"<p>&nbsp;<\/p>\n<p>&nbsp;<\/p>\n<p>&nbsp;<\/p>\n<p>&nbsp;<\/p>\n<p><a href=\"http:\/\/blog.liesdoch.de\/wp-content\/uploads\/2019\/04\/53769839n.jpg\"><img loading=\"lazy\" decoding=\"async\" class=\"alignnone size-medium wp-image-7446\" src=\"http:\/\/blog.liesdoch.de\/wp-content\/uploads\/2019\/04\/53769839n-215x300.jpg\" alt=\"\" width=\"215\" height=\"300\" srcset=\"https:\/\/blog.liesdoch.de\/wp-content\/uploads\/2019\/04\/53769839n-215x300.jpg 215w, https:\/\/blog.liesdoch.de\/wp-content\/uploads\/2019\/04\/53769839n.jpg 242w\" sizes=\"auto, (max-width: 215px) 100vw, 215px\" \/><\/a><\/p>\n<p>G\u00fcnther Jakobs, Andreas K\u00f6nig, Hase Hibiskus und der M\u00f6hrenklau, Ravensburger Verlag 2019, ISBN 978-3-473-44711-4<\/p>\n<p>&nbsp;<\/p>\n<p>So wie die meisten Hasen liebt auch der Hase Hibiskus M\u00f6hren \u00fcber alles. Zum Fr\u00fchst\u00fcck hat er sich einen wundersch\u00f6nen und leckeren Bund von ihnen zurechtgelegt. Als er grade noch einmal kurz im Haus verschwindet, um Salz zu holen, denn damit schmecken sie besser, entwendet jemand seine M\u00f6hren und hinterl\u00e4sst deutliche Spuren.<\/p>\n<p>&nbsp;<\/p>\n<p>Hibiskus macht sich emp\u00f6rt auf die Suche nach dem Dieb. Er verd\u00e4chtigt des Esel, die Eule und die Schlange. Doch die weisen ihn darauf hin, dass ihre Fu\u00dfabdr\u00fccke nicht zu den Spuren passen, die der Dieb hinterlassen hat.<\/p>\n<p>&nbsp;<\/p>\n<p>Erst die Maus Maxi identifiziert die Spuren als B\u00e4renspuren, die zun\u00e4chst vom Haus des Hasen wegf\u00fchren und dann wieder dorthin zur\u00fcck. Als sie die T\u00fcr zum Hasenhaus \u00f6ffnen, erlebt Hibiskus eine freudige \u00dcberraschung. Die Tiere haben seinen Geburtstag nicht vergessen und aus den M\u00f6hren eine sch\u00f6ne Geburtstagtorte gebacken.<\/p>\n<p>&nbsp;<\/p>\n<p>Gemeinsam feiern sie und freuen sich. Ob der B\u00e4r daraus klug geworden ist als er einige Tage sp\u00e4ter pl\u00f6tzlich seinen Honigtopf vermisst?<\/p>\n<p>&nbsp;<\/p>\n<p>Eine spannende Geschichte zum Mitraten f\u00fcr kleine Detektive.<\/p>\n<p>&nbsp;<\/p>\n","protected":false},"excerpt":{"rendered":"<p>&nbsp; &nbsp; &nbsp; &nbsp; G\u00fcnther Jakobs, Andreas K\u00f6nig, Hase Hibiskus und der M\u00f6hrenklau, Ravensburger Verlag 2019, ISBN 978-3-473-44711-4 &nbsp; So wie die meisten Hasen liebt auch der Hase Hibiskus M\u00f6hren \u00fcber alles. Zum Fr\u00fchst\u00fcck hat er sich einen wundersch\u00f6nen und leckeren Bund von ihnen zurechtgelegt. Als er grade noch einmal kurz im Haus verschwindet, um &hellip; <a href=\"https:\/\/blog.liesdoch.de\/?p=7445\" class=\"more-link\"><span class=\"screen-reader-text\">Hase Hibiskus und der M\u00f6hrenklau<\/span> weiterlesen <span class=\"meta-nav\">&rarr;<\/span><\/a><\/p>\n","protected":false},"author":6,"featured_media":0,"comment_status":"closed","ping_status":"open","sticky":false,"template":"","format":"standard","meta":{"footnotes":""},"categories":[1],"tags":[],"class_list":["post-7445","post","type-post","status-publish","format-standard","hentry","category-allgemein"],"_links":{"self":[{"href":"https:\/\/blog.liesdoch.de\/index.php?rest_route=\/wp\/v2\/posts\/7445","targetHints":{"allow":["GET"]}}],"collection":[{"href":"https:\/\/blog.liesdoch.de\/index.php?rest_route=\/wp\/v2\/posts"}],"about":[{"href":"https:\/\/blog.liesdoch.de\/index.php?rest_route=\/wp\/v2\/types\/post"}],"author":[{"embeddable":true,"href":"https:\/\/blog.liesdoch.de\/index.php?rest_route=\/wp\/v2\/users\/6"}],"replies":[{"embeddable":true,"href":"https:\/\/blog.liesdoch.de\/index.php?rest_route=%2Fwp%2Fv2%2Fcomments&post=7445"}],"version-history":[{"count":1,"href":"https:\/\/blog.liesdoch.de\/index.php?rest_route=\/wp\/v2\/posts\/7445\/revisions"}],"predecessor-version":[{"id":7447,"href":"https:\/\/blog.liesdoch.de\/index.php?rest_route=\/wp\/v2\/posts\/7445\/revisions\/7447"}],"wp:attachment":[{"href":"https:\/\/blog.liesdoch.de\/index.php?rest_route=%2Fwp%2Fv2%2Fmedia&parent=7445"}],"wp:term":[{"taxonomy":"category","embeddable":true,"href":"https:\/\/blog.liesdoch.de\/index.php?rest_route=%2Fwp%2Fv2%2Fcategories&post=7445"},{"taxonomy":"post_tag","embeddable":true,"href":"https:\/\/blog.liesdoch.de\/index.php?rest_route=%2Fwp%2Fv2%2Ftags&post=7445"}],"curies":[{"name":"wp","href":"https:\/\/api.w.org\/{rel}","templated":true}]}}