{"id":7448,"date":"2019-04-03T11:34:50","date_gmt":"2019-04-03T09:34:50","guid":{"rendered":"http:\/\/blog.liesdoch.de\/?p=7448"},"modified":"2019-04-03T11:34:50","modified_gmt":"2019-04-03T09:34:50","slug":"hannas-elefant","status":"publish","type":"post","link":"https:\/\/blog.liesdoch.de\/?p=7448","title":{"rendered":"Hannas Elefant"},"content":{"rendered":"<p>&nbsp;<\/p>\n<p>&nbsp;<\/p>\n<p>&nbsp;<\/p>\n<p>&nbsp;<\/p>\n<p>&nbsp;<\/p>\n<p><a href=\"http:\/\/blog.liesdoch.de\/wp-content\/uploads\/2019\/04\/54344489n.jpg\"><img loading=\"lazy\" decoding=\"async\" class=\"alignnone size-full wp-image-7449\" src=\"http:\/\/blog.liesdoch.de\/wp-content\/uploads\/2019\/04\/54344489n.jpg\" alt=\"\" width=\"242\" height=\"296\" \/><\/a><\/p>\n<p>Randall de Seve, Pamela Zagarenski, Hannas Elefant, Knesebeck 2019, ISBN 978-3-95728-258-3<\/p>\n<p>&nbsp;<\/p>\n<p>Dieses wundersch\u00f6ne Bilderbuch ist zuerst in New York erschienen. Gundula M\u00fcller-Wallraff hat es f\u00fcr den Knesebeck Verlag aus dem Amerikanischen \u00fcbersetzt.<\/p>\n<p>&nbsp;<\/p>\n<p>Es erz\u00e4hlt von einem kleinen M\u00e4dchen, in dessen Nachbarschaft ein neues M\u00e4dchen eingezogen ist, das Hanna hei\u00dft. Die M\u00fctter der beiden sind sich schon begegnet und haben beschlossen, dass die beiden M\u00e4dchen Freundinnen werden sollen. Doch f\u00fcr das sch\u00fcchterne M\u00e4dchen ist das nicht so leicht. Sie hat n\u00e4mlich beim Einzug von Hanna eine gro\u00dfe Kiste gesehen und vermutet, dass sich darin ein Elefant verbarg. Hanna hat also schon einen\u00a0 Freund. Davon ist das M\u00e4dchen \u00fcberzeugt und kommt lange nicht von dieser Vorstellung runter.<\/p>\n<p>&nbsp;<\/p>\n<p>Und nun interpretiert sie einzelne Ger\u00e4usche, die sie aus der Nachbarwohnung h\u00f6rt, immer wieder vermischt mit eigenen Fantasien, dahingehend, dass Hanna f\u00fcr eine weitere Freundschaft gar keine Zeit und keinen\u00a0 Platz hat, weil sie sich ja um den Elefanten k\u00fcmmern muss.<\/p>\n<p>&nbsp;<\/p>\n<p>Das M\u00e4dchen ist traurig, weil sie immer wieder Entschuldigungen daf\u00fcr findet, dass sie gerade jetzt nicht r\u00fcbergehen kann, um sich mit Hanna bekannt zu machen. Doch dann schafft sie es mit einem weiteren Bild ihrer Fantasie, endlich an die T\u00fcr des Nachbars zu klopfen.<\/p>\n<p>&nbsp;<\/p>\n<p>Nat\u00fcrlich hat Hanna keinen Elefanten, aber daf\u00fcr jetzt eine neue\u00a0 Freundin. Das M\u00e4dchen hat erkannt, dass ein klein wenig Mut schon meistens reicht, um zu ganz neuen Abenteuern und Freundschaften zu f\u00fchren.<\/p>\n<p>&nbsp;<\/p>\n<p>Das Sch\u00f6nste an diesem Bilderbuch sind die traumhaft sch\u00f6nen Illustrationen von Pamela Zagarenski,\u00a0 die die Kinder in eine Traumwelt entf\u00fchren, in der sich das M\u00e4dchen auch bis kurz vor dem Ende befindet. Von dieser amerikanischen K\u00fcnstlerin m\u00f6chte man bei uns gerne mehr B\u00fccher illustriert sehen.<\/p>\n","protected":false},"excerpt":{"rendered":"<p>&nbsp; &nbsp; &nbsp; &nbsp; &nbsp; Randall de Seve, Pamela Zagarenski, Hannas Elefant, Knesebeck 2019, ISBN 978-3-95728-258-3 &nbsp; Dieses wundersch\u00f6ne Bilderbuch ist zuerst in New York erschienen. Gundula M\u00fcller-Wallraff hat es f\u00fcr den Knesebeck Verlag aus dem Amerikanischen \u00fcbersetzt. &nbsp; Es erz\u00e4hlt von einem kleinen M\u00e4dchen, in dessen Nachbarschaft ein neues M\u00e4dchen eingezogen ist, das Hanna &hellip; <a href=\"https:\/\/blog.liesdoch.de\/?p=7448\" class=\"more-link\"><span class=\"screen-reader-text\">Hannas Elefant<\/span> weiterlesen <span class=\"meta-nav\">&rarr;<\/span><\/a><\/p>\n","protected":false},"author":6,"featured_media":0,"comment_status":"closed","ping_status":"open","sticky":false,"template":"","format":"standard","meta":{"footnotes":""},"categories":[1],"tags":[],"class_list":["post-7448","post","type-post","status-publish","format-standard","hentry","category-allgemein"],"_links":{"self":[{"href":"https:\/\/blog.liesdoch.de\/index.php?rest_route=\/wp\/v2\/posts\/7448","targetHints":{"allow":["GET"]}}],"collection":[{"href":"https:\/\/blog.liesdoch.de\/index.php?rest_route=\/wp\/v2\/posts"}],"about":[{"href":"https:\/\/blog.liesdoch.de\/index.php?rest_route=\/wp\/v2\/types\/post"}],"author":[{"embeddable":true,"href":"https:\/\/blog.liesdoch.de\/index.php?rest_route=\/wp\/v2\/users\/6"}],"replies":[{"embeddable":true,"href":"https:\/\/blog.liesdoch.de\/index.php?rest_route=%2Fwp%2Fv2%2Fcomments&post=7448"}],"version-history":[{"count":1,"href":"https:\/\/blog.liesdoch.de\/index.php?rest_route=\/wp\/v2\/posts\/7448\/revisions"}],"predecessor-version":[{"id":7450,"href":"https:\/\/blog.liesdoch.de\/index.php?rest_route=\/wp\/v2\/posts\/7448\/revisions\/7450"}],"wp:attachment":[{"href":"https:\/\/blog.liesdoch.de\/index.php?rest_route=%2Fwp%2Fv2%2Fmedia&parent=7448"}],"wp:term":[{"taxonomy":"category","embeddable":true,"href":"https:\/\/blog.liesdoch.de\/index.php?rest_route=%2Fwp%2Fv2%2Fcategories&post=7448"},{"taxonomy":"post_tag","embeddable":true,"href":"https:\/\/blog.liesdoch.de\/index.php?rest_route=%2Fwp%2Fv2%2Ftags&post=7448"}],"curies":[{"name":"wp","href":"https:\/\/api.w.org\/{rel}","templated":true}]}}