{"id":745,"date":"2015-11-04T12:15:10","date_gmt":"2015-11-04T10:15:10","guid":{"rendered":"http:\/\/blog.liesdoch.de\/?p=745"},"modified":"2015-11-04T12:15:10","modified_gmt":"2015-11-04T10:15:10","slug":"meine-welt","status":"publish","type":"post","link":"https:\/\/blog.liesdoch.de\/?p=745","title":{"rendered":"Meine Welt"},"content":{"rendered":"<p>&nbsp;<\/p>\n<p><a href=\"http:\/\/blog.liesdoch.de\/wp-content\/uploads\/2015\/11\/42766529z.jpg\"><img loading=\"lazy\" decoding=\"async\" class=\"alignnone size-medium wp-image-746\" src=\"http:\/\/blog.liesdoch.de\/wp-content\/uploads\/2015\/11\/42766529z-225x300.jpg\" alt=\"42766529z\" width=\"225\" height=\"300\" srcset=\"https:\/\/blog.liesdoch.de\/wp-content\/uploads\/2015\/11\/42766529z-225x300.jpg 225w, https:\/\/blog.liesdoch.de\/wp-content\/uploads\/2015\/11\/42766529z.jpg 357w\" sizes=\"auto, (max-width: 225px) 100vw, 225px\" \/><\/a><\/p>\n<p>&nbsp;<\/p>\n<p>Keri Smith, Meine Welt, Kunstmann 2015, ISBN 978-3-95614-063-1<\/p>\n<p>&nbsp;<\/p>\n<p>Keri Smith macht B\u00fccher von ganz eigener Art. Es sind sozusagen Rahmenb\u00e4nde f\u00fcr das, was die jugendlichen K\u00e4ufer ihrer B\u00e4nde aus ihnen machen (sollen). In ihrem neuen Band \u201eMeine Welt\u201c l\u00e4dt sie die Nutzer des Buches ein, aufzuschreiben und zu zeichnen, in was f\u00fcr eine Welt sie leben m\u00f6chten und vor allen Dingen was sie selbst dazu beitragen wollen und k\u00f6nnen. Denn jeder hat, vielleicht ohne es bisher zu wissen, eine F\u00fclle von F\u00e4higkeiten und Talenten, sich einzubringen in das Leben und in die Welt.<\/p>\n<p>Schon ein erster \u00dcberblick \u00fcber das zweiseitige Inhaltsverzeichnis zeigt die gro\u00dfe Vielfalt, Buntheit und Differenziertheit ihrer Vorschl\u00e4ge. Der eigene Lebenslauf und das Bauen eines Zuhauses sind nur der Beginn einer langen Reise durch die Phantasie. Oft stehen die einzelnen Vorschl\u00e4ge relativ unvermittelt nebeneinander, in ihrer Summe aber ergeben sie einen Sinn. Den Sinn n\u00e4mlich, zu entdecken, auf wie vielf\u00e4ltige Weise jeder mit seinen Sinnen und Gedanken, mit seiner Leidenschaft f\u00fcr das Leben und mit seiner Phantasie sich Werkzeuge aneignen kann, die er auch sp\u00e4ter als Erwachsener bei der Mitarbeit an der Gestaltung oder auch Umgestaltung der Welt n\u00fctzlich einsetzen kann.<\/p>\n<p>Ein zauberhaftes Buch, das von seinen Nutzern erst zu einem ganz pers\u00f6nlichen gemacht werden soll mit all dem, was sukzessive oder auch in Ausschnitten von ihnen dort aufgezeichnet und aufbewahrt wird.<\/p>\n<p>Ein sch\u00f6nes Geschenk f\u00fcr kreative und engagierte Jugendliche ab etwa 10 Jahren.<\/p>\n","protected":false},"excerpt":{"rendered":"<p>&nbsp; &nbsp; Keri Smith, Meine Welt, Kunstmann 2015, ISBN 978-3-95614-063-1 &nbsp; Keri Smith macht B\u00fccher von ganz eigener Art. Es sind sozusagen Rahmenb\u00e4nde f\u00fcr das, was die jugendlichen K\u00e4ufer ihrer B\u00e4nde aus ihnen machen (sollen). In ihrem neuen Band \u201eMeine Welt\u201c l\u00e4dt sie die Nutzer des Buches ein, aufzuschreiben und zu zeichnen, in was f\u00fcr &hellip; <a href=\"https:\/\/blog.liesdoch.de\/?p=745\" class=\"more-link\"><span class=\"screen-reader-text\">Meine Welt<\/span> weiterlesen <span class=\"meta-nav\">&rarr;<\/span><\/a><\/p>\n","protected":false},"author":6,"featured_media":0,"comment_status":"open","ping_status":"open","sticky":false,"template":"","format":"standard","meta":{"footnotes":""},"categories":[1],"tags":[266,267,150],"class_list":["post-745","post","type-post","status-publish","format-standard","hentry","category-allgemein","tag-keri-smith","tag-kreativitaet","tag-phantasie"],"_links":{"self":[{"href":"https:\/\/blog.liesdoch.de\/index.php?rest_route=\/wp\/v2\/posts\/745","targetHints":{"allow":["GET"]}}],"collection":[{"href":"https:\/\/blog.liesdoch.de\/index.php?rest_route=\/wp\/v2\/posts"}],"about":[{"href":"https:\/\/blog.liesdoch.de\/index.php?rest_route=\/wp\/v2\/types\/post"}],"author":[{"embeddable":true,"href":"https:\/\/blog.liesdoch.de\/index.php?rest_route=\/wp\/v2\/users\/6"}],"replies":[{"embeddable":true,"href":"https:\/\/blog.liesdoch.de\/index.php?rest_route=%2Fwp%2Fv2%2Fcomments&post=745"}],"version-history":[{"count":1,"href":"https:\/\/blog.liesdoch.de\/index.php?rest_route=\/wp\/v2\/posts\/745\/revisions"}],"predecessor-version":[{"id":747,"href":"https:\/\/blog.liesdoch.de\/index.php?rest_route=\/wp\/v2\/posts\/745\/revisions\/747"}],"wp:attachment":[{"href":"https:\/\/blog.liesdoch.de\/index.php?rest_route=%2Fwp%2Fv2%2Fmedia&parent=745"}],"wp:term":[{"taxonomy":"category","embeddable":true,"href":"https:\/\/blog.liesdoch.de\/index.php?rest_route=%2Fwp%2Fv2%2Fcategories&post=745"},{"taxonomy":"post_tag","embeddable":true,"href":"https:\/\/blog.liesdoch.de\/index.php?rest_route=%2Fwp%2Fv2%2Ftags&post=745"}],"curies":[{"name":"wp","href":"https:\/\/api.w.org\/{rel}","templated":true}]}}